{"id":611,"date":"2025-05-02T22:38:58","date_gmt":"2025-05-02T22:38:58","guid":{"rendered":"https:\/\/cadenacentropopular.com\/?p=611"},"modified":"2025-05-04T22:41:12","modified_gmt":"2025-05-04T22:41:12","slug":"ulises-bueno-canto-con-su-hija-alma-por-primera-vez","status":"publish","type":"post","link":"https:\/\/cadenacentropopular.com\/index.php\/2025\/05\/02\/ulises-bueno-canto-con-su-hija-alma-por-primera-vez\/","title":{"rendered":"Ulises Bueno cant\u00f3 con su hija Alma por primera vez"},"content":{"rendered":"<p class=\"story-subtitle-restyling color-text font-arial-regular m0\">El \u00eddolo del cuarteto agot\u00f3 entradas en Buenos Aires y sorprendi\u00f3 al interpretar junto a su hija \u201cNo crezcas m\u00e1s\u201d, una balada dedicada a ella.<\/p>\n<p data-mrf-recirculation=\"Links p\u00e1rrafos (art\u00edculo)\">La noche del 30 de abril quedar\u00e1 grabada a fuego en la carrera de <a title=\"https:\/\/www.lavoz.com.ar\/espectaculos\/musica\/un-grandioso-homenaje-al-genero-5-momentos-destacados-del-festival-nacional-de-cuarteto\/\" href=\"https:\/\/www.lavoz.com.ar\/espectaculos\/musica\/un-grandioso-homenaje-al-genero-5-momentos-destacados-del-festival-nacional-de-cuarteto\/\" target=\"_blank\" rel=\"noopener noreferrer\" data-mrf-link=\"https:\/\/www.lavoz.com.ar\/espectaculos\/musica\/un-grandioso-homenaje-al-genero-5-momentos-destacados-del-festival-nacional-de-cuarteto\/\">Ulises Bueno<\/a>, pero tambi\u00e9n en su historia personal. Con entradas agotadas, el \u00eddolo del cuarteto brind\u00f3 un show arrollador en el Movistar Arena, donde repas\u00f3 dos d\u00e9cadas de m\u00fasica, pero adem\u00e1s protagoniz\u00f3 uno de los momentos m\u00e1s emotivos de su vida art\u00edstica: cant\u00f3 por primera vez en vivo junto a su hija Alma.<\/p>\n<p data-mrf-recirculation=\"Links p\u00e1rrafos (art\u00edculo)\">Despu\u00e9s de m\u00e1s de dos horas de cuarteto, fiesta y energ\u00eda, el cantante cordob\u00e9s sorprendi\u00f3 al invitar a su hija al escenario para interpretar <b>No crezcas m\u00e1s<\/b>, una balada que compuso como carta de amor hacia ella. La letra ya era conmovedora por s\u00ed sola, pero el hecho de cantarla a d\u00fao por primera vez desat\u00f3 una ola de emoci\u00f3n entre los miles de fan\u00e1ticos que colmaron el arena.<\/p>\n<p data-mrf-recirculation=\"Links p\u00e1rrafos (art\u00edculo)\">\u201cNo crezcas m\u00e1s\u201d es mucho m\u00e1s que una canci\u00f3n en el repertorio de Ulises. Se trata de un tema que retrata el amor profundo y tierno de un padre por su hija, y en esta ocasi\u00f3n, la emoci\u00f3n fue compartida. Juntos, Ulises y Alma cantaron sentados uno al lado del otro, entre miradas c\u00f3mplices, y el momento fue tan \u00edntimo como multitudinario.<\/p>\n<p data-mrf-recirculation=\"Links p\u00e1rrafos (art\u00edculo)\">Los celulares se levantaron en masa para capturar el instante, mientras las emoci\u00f3n se hac\u00edan inevitable tanto en el p\u00fablico como en el propio artista, visiblemente conmovido.<\/p>\n<p data-mrf-recirculation=\"Links p\u00e1rrafos (art\u00edculo)\">El recital en el Movistar Arena fue una celebraci\u00f3n de m\u00e1s de 20 a\u00f1os de trayectoria, donde Ulises hizo un repaso por sus hits m\u00e1s populares, haciendo bailar a todo el estadio.<\/p>\n<p data-mrf-recirculation=\"Links p\u00e1rrafos (art\u00edculo)\">\n<p data-mrf-recirculation=\"Links p\u00e1rrafos (art\u00edculo)\">Fuente: lavoz.com.ar<\/p>\n","protected":false},"excerpt":{"rendered":"<p>El \u00eddolo del cuarteto agot\u00f3 entradas en Buenos Aires y sorprendi\u00f3 al interpretar junto a su hija \u201cNo crezcas m\u00e1s\u201d, una balada dedicada a ella. La noche del 30 de abril quedar\u00e1 grabada a fuego en la carrera de Ulises Bueno, pero tambi\u00e9n en su historia personal. Con entradas agotadas, el \u00eddolo del cuarteto brind\u00f3&#8230;<\/p>\n","protected":false},"author":1,"featured_media":612,"comment_status":"open","ping_status":"open","sticky":false,"template":"","format":"standard","meta":{"_monsterinsights_skip_tracking":false,"_monsterinsights_sitenote_active":false,"_monsterinsights_sitenote_note":"","_monsterinsights_sitenote_category":0,"_kad_post_transparent":"default","_kad_post_title":"default","_kad_post_layout":"default","_kad_post_sidebar_id":"","_kad_post_content_style":"default","_kad_post_vertical_padding":"default","_kad_post_feature":"","_kad_post_feature_position":"","_kad_post_header":false,"_kad_post_footer":false,"footnotes":""},"categories":[9],"tags":[],"yoast_head":"<!-- This site is optimized with the Yoast SEO plugin v23.3 - https:\/\/yoast.com\/wordpress\/plugins\/seo\/ -->\n<title>Ulises Bueno cant\u00f3 con su hija Alma por primera vez - CADENA CENTRO POPULAR<\/title>\n<meta name=\"description\" content=\"El \u00eddolo del cuarteto agot\u00f3 entradas en Buenos Aires y sorprendi\u00f3 al interpretar junto a su hija \u201cNo crezcas m\u00e1s\u201d, una balada dedicada a ella.\" \/>\n<meta name=\"robots\" content=\"index, follow, max-snippet:-1, max-image-preview:large, max-video-preview:-1\" \/>\n<link rel=\"canonical\" href=\"https:\/\/cadenacentropopular.com\/index.php\/2025\/05\/02\/ulises-bueno-canto-con-su-hija-alma-por-primera-vez\/\" \/>\n<meta property=\"og:locale\" content=\"en_US\" \/>\n<meta property=\"og:type\" content=\"article\" \/>\n<meta property=\"og:title\" content=\"Ulises Bueno cant\u00f3 con su hija Alma por primera vez - CADENA CENTRO POPULAR\" \/>\n<meta property=\"og:description\" content=\"El \u00eddolo del cuarteto agot\u00f3 entradas en Buenos Aires y sorprendi\u00f3 al interpretar junto a su hija \u201cNo crezcas m\u00e1s\u201d, una balada dedicada a ella.\" \/>\n<meta property=\"og:url\" content=\"https:\/\/cadenacentropopular.com\/index.php\/2025\/05\/02\/ulises-bueno-canto-con-su-hija-alma-por-primera-vez\/\" \/>\n<meta property=\"og:site_name\" content=\"CADENA CENTRO POPULAR\" \/>\n<meta property=\"article:publisher\" content=\"https:\/\/www.facebook.com\/cadenacentropopular\" \/>\n<meta property=\"article:published_time\" content=\"2025-05-02T22:38:58+00:00\" \/>\n<meta property=\"article:modified_time\" content=\"2025-05-04T22:41:12+00:00\" \/>\n<meta property=\"og:image\" content=\"http:\/\/cadenacentropopular.com\/wp-content\/uploads\/2025\/05\/UZNK7FQVSFBW7OX3GBF5U7NLNM.png\" \/>\n\t<meta property=\"og:image:width\" content=\"980\" \/>\n\t<meta property=\"og:image:height\" content=\"551\" \/>\n\t<meta property=\"og:image:type\" content=\"image\/png\" \/>\n<meta name=\"author\" content=\"CcentroPopular\" \/>\n<meta name=\"twitter:card\" content=\"summary_large_image\" \/>\n<meta name=\"twitter:label1\" content=\"Written by\" \/>\n\t<meta name=\"twitter:data1\" content=\"CcentroPopular\" \/>\n\t<meta name=\"twitter:label2\" content=\"Est. reading time\" \/>\n\t<meta name=\"twitter:data2\" content=\"2 minutes\" \/>\n<script type=\"application\/ld+json\" class=\"yoast-schema-graph\">{\"@context\":\"https:\/\/schema.org\",\"@graph\":[{\"@type\":\"Article\",\"@id\":\"https:\/\/cadenacentropopular.com\/index.php\/2025\/05\/02\/ulises-bueno-canto-con-su-hija-alma-por-primera-vez\/#article\",\"isPartOf\":{\"@id\":\"https:\/\/cadenacentropopular.com\/index.php\/2025\/05\/02\/ulises-bueno-canto-con-su-hija-alma-por-primera-vez\/\"},\"author\":{\"name\":\"CcentroPopular\",\"@id\":\"https:\/\/cadenacentropopular.com\/#\/schema\/person\/0729df060fc8b84f539c0129cc09e4ad\"},\"headline\":\"Ulises Bueno cant\u00f3 con su hija Alma por primera vez\",\"datePublished\":\"2025-05-02T22:38:58+00:00\",\"dateModified\":\"2025-05-04T22:41:12+00:00\",\"mainEntityOfPage\":{\"@id\":\"https:\/\/cadenacentropopular.com\/index.php\/2025\/05\/02\/ulises-bueno-canto-con-su-hija-alma-por-primera-vez\/\"},\"wordCount\":322,\"commentCount\":0,\"publisher\":{\"@id\":\"https:\/\/cadenacentropopular.com\/#organization\"},\"image\":{\"@id\":\"https:\/\/cadenacentropopular.com\/index.php\/2025\/05\/02\/ulises-bueno-canto-con-su-hija-alma-por-primera-vez\/#primaryimage\"},\"thumbnailUrl\":\"https:\/\/cadenacentropopular.com\/wp-content\/uploads\/2025\/05\/UZNK7FQVSFBW7OX3GBF5U7NLNM.png\",\"articleSection\":[\"cuarteto\"],\"inLanguage\":\"en-US\",\"potentialAction\":[{\"@type\":\"CommentAction\",\"name\":\"Comment\",\"target\":[\"https:\/\/cadenacentropopular.com\/index.php\/2025\/05\/02\/ulises-bueno-canto-con-su-hija-alma-por-primera-vez\/#respond\"]}]},{\"@type\":\"WebPage\",\"@id\":\"https:\/\/cadenacentropopular.com\/index.php\/2025\/05\/02\/ulises-bueno-canto-con-su-hija-alma-por-primera-vez\/\",\"url\":\"https:\/\/cadenacentropopular.com\/index.php\/2025\/05\/02\/ulises-bueno-canto-con-su-hija-alma-por-primera-vez\/\",\"name\":\"Ulises Bueno cant\u00f3 con su hija Alma por primera vez - CADENA CENTRO POPULAR\",\"isPartOf\":{\"@id\":\"https:\/\/cadenacentropopular.com\/#website\"},\"primaryImageOfPage\":{\"@id\":\"https:\/\/cadenacentropopular.com\/index.php\/2025\/05\/02\/ulises-bueno-canto-con-su-hija-alma-por-primera-vez\/#primaryimage\"},\"image\":{\"@id\":\"https:\/\/cadenacentropopular.com\/index.php\/2025\/05\/02\/ulises-bueno-canto-con-su-hija-alma-por-primera-vez\/#primaryimage\"},\"thumbnailUrl\":\"https:\/\/cadenacentropopular.com\/wp-content\/uploads\/2025\/05\/UZNK7FQVSFBW7OX3GBF5U7NLNM.png\",\"datePublished\":\"2025-05-02T22:38:58+00:00\",\"dateModified\":\"2025-05-04T22:41:12+00:00\",\"description\":\"El \u00eddolo del cuarteto agot\u00f3 entradas en Buenos Aires y sorprendi\u00f3 al interpretar junto a su hija \u201cNo crezcas m\u00e1s\u201d, una balada dedicada a ella.\",\"breadcrumb\":{\"@id\":\"https:\/\/cadenacentropopular.com\/index.php\/2025\/05\/02\/ulises-bueno-canto-con-su-hija-alma-por-primera-vez\/#breadcrumb\"},\"inLanguage\":\"en-US\",\"potentialAction\":[{\"@type\":\"ReadAction\",\"target\":[\"https:\/\/cadenacentropopular.com\/index.php\/2025\/05\/02\/ulises-bueno-canto-con-su-hija-alma-por-primera-vez\/\"]}]},{\"@type\":\"ImageObject\",\"inLanguage\":\"en-US\",\"@id\":\"https:\/\/cadenacentropopular.com\/index.php\/2025\/05\/02\/ulises-bueno-canto-con-su-hija-alma-por-primera-vez\/#primaryimage\",\"url\":\"https:\/\/cadenacentropopular.com\/wp-content\/uploads\/2025\/05\/UZNK7FQVSFBW7OX3GBF5U7NLNM.png\",\"contentUrl\":\"https:\/\/cadenacentropopular.com\/wp-content\/uploads\/2025\/05\/UZNK7FQVSFBW7OX3GBF5U7NLNM.png\",\"width\":980,\"height\":551},{\"@type\":\"BreadcrumbList\",\"@id\":\"https:\/\/cadenacentropopular.com\/index.php\/2025\/05\/02\/ulises-bueno-canto-con-su-hija-alma-por-primera-vez\/#breadcrumb\",\"itemListElement\":[{\"@type\":\"ListItem\",\"position\":1,\"name\":\"Home\",\"item\":\"https:\/\/cadenacentropopular.com\/\"},{\"@type\":\"ListItem\",\"position\":2,\"name\":\"Ulises Bueno cant\u00f3 con su hija Alma por primera vez\"}]},{\"@type\":\"WebSite\",\"@id\":\"https:\/\/cadenacentropopular.com\/#website\",\"url\":\"https:\/\/cadenacentropopular.com\/\",\"name\":\"CADENA CENTRO POPULAR\",\"description\":\"\",\"publisher\":{\"@id\":\"https:\/\/cadenacentropopular.com\/#organization\"},\"potentialAction\":[{\"@type\":\"SearchAction\",\"target\":{\"@type\":\"EntryPoint\",\"urlTemplate\":\"https:\/\/cadenacentropopular.com\/?s={search_term_string}\"},\"query-input\":\"required name=search_term_string\"}],\"inLanguage\":\"en-US\"},{\"@type\":\"Organization\",\"@id\":\"https:\/\/cadenacentropopular.com\/#organization\",\"name\":\"CADENA CENTRO POPULAR\",\"url\":\"https:\/\/cadenacentropopular.com\/\",\"logo\":{\"@type\":\"ImageObject\",\"inLanguage\":\"en-US\",\"@id\":\"https:\/\/cadenacentropopular.com\/#\/schema\/logo\/image\/\",\"url\":\"http:\/\/cadenacentropopular.com\/wp-content\/uploads\/2022\/04\/portada.png\",\"contentUrl\":\"http:\/\/cadenacentropopular.com\/wp-content\/uploads\/2022\/04\/portada.png\",\"width\":5317,\"height\":1962,\"caption\":\"CADENA CENTRO POPULAR\"},\"image\":{\"@id\":\"https:\/\/cadenacentropopular.com\/#\/schema\/logo\/image\/\"},\"sameAs\":[\"https:\/\/www.facebook.com\/cadenacentropopular\",\"https:\/\/www.instagram.com\/ccentropopular\/\"]},{\"@type\":\"Person\",\"@id\":\"https:\/\/cadenacentropopular.com\/#\/schema\/person\/0729df060fc8b84f539c0129cc09e4ad\",\"name\":\"CcentroPopular\",\"image\":{\"@type\":\"ImageObject\",\"inLanguage\":\"en-US\",\"@id\":\"https:\/\/cadenacentropopular.com\/#\/schema\/person\/image\/\",\"url\":\"https:\/\/secure.gravatar.com\/avatar\/e3f77d046163f2c4e6977af93d588471?s=96&d=mm&r=g\",\"contentUrl\":\"https:\/\/secure.gravatar.com\/avatar\/e3f77d046163f2c4e6977af93d588471?s=96&d=mm&r=g\",\"caption\":\"CcentroPopular\"},\"sameAs\":[\"http:\/\/cadenacentropopular.com\"],\"url\":\"https:\/\/cadenacentropopular.com\/index.php\/author\/maguiz\/\"}]}<\/script>\n<!-- \/ Yoast SEO plugin. -->","yoast_head_json":{"title":"Ulises Bueno cant\u00f3 con su hija Alma por primera vez - CADENA CENTRO POPULAR","description":"El \u00eddolo del cuarteto agot\u00f3 entradas en Buenos Aires y sorprendi\u00f3 al interpretar junto a su hija \u201cNo crezcas m\u00e1s\u201d, una balada dedicada a ella.","robots":{"index":"index","follow":"follow","max-snippet":"max-snippet:-1","max-image-preview":"max-image-preview:large","max-video-preview":"max-video-preview:-1"},"canonical":"https:\/\/cadenacentropopular.com\/index.php\/2025\/05\/02\/ulises-bueno-canto-con-su-hija-alma-por-primera-vez\/","og_locale":"en_US","og_type":"article","og_title":"Ulises Bueno cant\u00f3 con su hija Alma por primera vez - CADENA CENTRO POPULAR","og_description":"El \u00eddolo del cuarteto agot\u00f3 entradas en Buenos Aires y sorprendi\u00f3 al interpretar junto a su hija \u201cNo crezcas m\u00e1s\u201d, una balada dedicada a ella.","og_url":"https:\/\/cadenacentropopular.com\/index.php\/2025\/05\/02\/ulises-bueno-canto-con-su-hija-alma-por-primera-vez\/","og_site_name":"CADENA CENTRO POPULAR","article_publisher":"https:\/\/www.facebook.com\/cadenacentropopular","article_published_time":"2025-05-02T22:38:58+00:00","article_modified_time":"2025-05-04T22:41:12+00:00","og_image":[{"width":980,"height":551,"url":"http:\/\/cadenacentropopular.com\/wp-content\/uploads\/2025\/05\/UZNK7FQVSFBW7OX3GBF5U7NLNM.png","type":"image\/png"}],"author":"CcentroPopular","twitter_card":"summary_large_image","twitter_misc":{"Written by":"CcentroPopular","Est. reading time":"2 minutes"},"schema":{"@context":"https:\/\/schema.org","@graph":[{"@type":"Article","@id":"https:\/\/cadenacentropopular.com\/index.php\/2025\/05\/02\/ulises-bueno-canto-con-su-hija-alma-por-primera-vez\/#article","isPartOf":{"@id":"https:\/\/cadenacentropopular.com\/index.php\/2025\/05\/02\/ulises-bueno-canto-con-su-hija-alma-por-primera-vez\/"},"author":{"name":"CcentroPopular","@id":"https:\/\/cadenacentropopular.com\/#\/schema\/person\/0729df060fc8b84f539c0129cc09e4ad"},"headline":"Ulises Bueno cant\u00f3 con su hija Alma por primera vez","datePublished":"2025-05-02T22:38:58+00:00","dateModified":"2025-05-04T22:41:12+00:00","mainEntityOfPage":{"@id":"https:\/\/cadenacentropopular.com\/index.php\/2025\/05\/02\/ulises-bueno-canto-con-su-hija-alma-por-primera-vez\/"},"wordCount":322,"commentCount":0,"publisher":{"@id":"https:\/\/cadenacentropopular.com\/#organization"},"image":{"@id":"https:\/\/cadenacentropopular.com\/index.php\/2025\/05\/02\/ulises-bueno-canto-con-su-hija-alma-por-primera-vez\/#primaryimage"},"thumbnailUrl":"https:\/\/cadenacentropopular.com\/wp-content\/uploads\/2025\/05\/UZNK7FQVSFBW7OX3GBF5U7NLNM.png","articleSection":["cuarteto"],"inLanguage":"en-US","potentialAction":[{"@type":"CommentAction","name":"Comment","target":["https:\/\/cadenacentropopular.com\/index.php\/2025\/05\/02\/ulises-bueno-canto-con-su-hija-alma-por-primera-vez\/#respond"]}]},{"@type":"WebPage","@id":"https:\/\/cadenacentropopular.com\/index.php\/2025\/05\/02\/ulises-bueno-canto-con-su-hija-alma-por-primera-vez\/","url":"https:\/\/cadenacentropopular.com\/index.php\/2025\/05\/02\/ulises-bueno-canto-con-su-hija-alma-por-primera-vez\/","name":"Ulises Bueno cant\u00f3 con su hija Alma por primera vez - CADENA CENTRO POPULAR","isPartOf":{"@id":"https:\/\/cadenacentropopular.com\/#website"},"primaryImageOfPage":{"@id":"https:\/\/cadenacentropopular.com\/index.php\/2025\/05\/02\/ulises-bueno-canto-con-su-hija-alma-por-primera-vez\/#primaryimage"},"image":{"@id":"https:\/\/cadenacentropopular.com\/index.php\/2025\/05\/02\/ulises-bueno-canto-con-su-hija-alma-por-primera-vez\/#primaryimage"},"thumbnailUrl":"https:\/\/cadenacentropopular.com\/wp-content\/uploads\/2025\/05\/UZNK7FQVSFBW7OX3GBF5U7NLNM.png","datePublished":"2025-05-02T22:38:58+00:00","dateModified":"2025-05-04T22:41:12+00:00","description":"El \u00eddolo del cuarteto agot\u00f3 entradas en Buenos Aires y sorprendi\u00f3 al interpretar junto a su hija \u201cNo crezcas m\u00e1s\u201d, una balada dedicada a ella.","breadcrumb":{"@id":"https:\/\/cadenacentropopular.com\/index.php\/2025\/05\/02\/ulises-bueno-canto-con-su-hija-alma-por-primera-vez\/#breadcrumb"},"inLanguage":"en-US","potentialAction":[{"@type":"ReadAction","target":["https:\/\/cadenacentropopular.com\/index.php\/2025\/05\/02\/ulises-bueno-canto-con-su-hija-alma-por-primera-vez\/"]}]},{"@type":"ImageObject","inLanguage":"en-US","@id":"https:\/\/cadenacentropopular.com\/index.php\/2025\/05\/02\/ulises-bueno-canto-con-su-hija-alma-por-primera-vez\/#primaryimage","url":"https:\/\/cadenacentropopular.com\/wp-content\/uploads\/2025\/05\/UZNK7FQVSFBW7OX3GBF5U7NLNM.png","contentUrl":"https:\/\/cadenacentropopular.com\/wp-content\/uploads\/2025\/05\/UZNK7FQVSFBW7OX3GBF5U7NLNM.png","width":980,"height":551},{"@type":"BreadcrumbList","@id":"https:\/\/cadenacentropopular.com\/index.php\/2025\/05\/02\/ulises-bueno-canto-con-su-hija-alma-por-primera-vez\/#breadcrumb","itemListElement":[{"@type":"ListItem","position":1,"name":"Home","item":"https:\/\/cadenacentropopular.com\/"},{"@type":"ListItem","position":2,"name":"Ulises Bueno cant\u00f3 con su hija Alma por primera vez"}]},{"@type":"WebSite","@id":"https:\/\/cadenacentropopular.com\/#website","url":"https:\/\/cadenacentropopular.com\/","name":"CADENA CENTRO POPULAR","description":"","publisher":{"@id":"https:\/\/cadenacentropopular.com\/#organization"},"potentialAction":[{"@type":"SearchAction","target":{"@type":"EntryPoint","urlTemplate":"https:\/\/cadenacentropopular.com\/?s={search_term_string}"},"query-input":"required name=search_term_string"}],"inLanguage":"en-US"},{"@type":"Organization","@id":"https:\/\/cadenacentropopular.com\/#organization","name":"CADENA CENTRO POPULAR","url":"https:\/\/cadenacentropopular.com\/","logo":{"@type":"ImageObject","inLanguage":"en-US","@id":"https:\/\/cadenacentropopular.com\/#\/schema\/logo\/image\/","url":"http:\/\/cadenacentropopular.com\/wp-content\/uploads\/2022\/04\/portada.png","contentUrl":"http:\/\/cadenacentropopular.com\/wp-content\/uploads\/2022\/04\/portada.png","width":5317,"height":1962,"caption":"CADENA CENTRO POPULAR"},"image":{"@id":"https:\/\/cadenacentropopular.com\/#\/schema\/logo\/image\/"},"sameAs":["https:\/\/www.facebook.com\/cadenacentropopular","https:\/\/www.instagram.com\/ccentropopular\/"]},{"@type":"Person","@id":"https:\/\/cadenacentropopular.com\/#\/schema\/person\/0729df060fc8b84f539c0129cc09e4ad","name":"CcentroPopular","image":{"@type":"ImageObject","inLanguage":"en-US","@id":"https:\/\/cadenacentropopular.com\/#\/schema\/person\/image\/","url":"https:\/\/secure.gravatar.com\/avatar\/e3f77d046163f2c4e6977af93d588471?s=96&d=mm&r=g","contentUrl":"https:\/\/secure.gravatar.com\/avatar\/e3f77d046163f2c4e6977af93d588471?s=96&d=mm&r=g","caption":"CcentroPopular"},"sameAs":["http:\/\/cadenacentropopular.com"],"url":"https:\/\/cadenacentropopular.com\/index.php\/author\/maguiz\/"}]}},"_links":{"self":[{"href":"https:\/\/cadenacentropopular.com\/index.php\/wp-json\/wp\/v2\/posts\/611"}],"collection":[{"href":"https:\/\/cadenacentropopular.com\/index.php\/wp-json\/wp\/v2\/posts"}],"about":[{"href":"https:\/\/cadenacentropopular.com\/index.php\/wp-json\/wp\/v2\/types\/post"}],"author":[{"embeddable":true,"href":"https:\/\/cadenacentropopular.com\/index.php\/wp-json\/wp\/v2\/users\/1"}],"replies":[{"embeddable":true,"href":"https:\/\/cadenacentropopular.com\/index.php\/wp-json\/wp\/v2\/comments?post=611"}],"version-history":[{"count":1,"href":"https:\/\/cadenacentropopular.com\/index.php\/wp-json\/wp\/v2\/posts\/611\/revisions"}],"predecessor-version":[{"id":613,"href":"https:\/\/cadenacentropopular.com\/index.php\/wp-json\/wp\/v2\/posts\/611\/revisions\/613"}],"wp:featuredmedia":[{"embeddable":true,"href":"https:\/\/cadenacentropopular.com\/index.php\/wp-json\/wp\/v2\/media\/612"}],"wp:attachment":[{"href":"https:\/\/cadenacentropopular.com\/index.php\/wp-json\/wp\/v2\/media?parent=611"}],"wp:term":[{"taxonomy":"category","embeddable":true,"href":"https:\/\/cadenacentropopular.com\/index.php\/wp-json\/wp\/v2\/categories?post=611"},{"taxonomy":"post_tag","embeddable":true,"href":"https:\/\/cadenacentropopular.com\/index.php\/wp-json\/wp\/v2\/tags?post=611"}],"curies":[{"name":"wp","href":"https:\/\/api.w.org\/{rel}","templated":true}]}}