{"id":560,"date":"2024-09-16T22:58:26","date_gmt":"2024-09-16T22:58:26","guid":{"rendered":"https:\/\/cadenacentropopular.com\/?p=560"},"modified":"2024-09-16T22:58:26","modified_gmt":"2024-09-16T22:58:26","slug":"me-jode-un-poquito-el-cover-el-negro-videla-y-su-postura-sobre-la-evolucion-del-cuarteto-cordobes","status":"publish","type":"post","link":"https:\/\/cadenacentropopular.com\/index.php\/2024\/09\/16\/me-jode-un-poquito-el-cover-el-negro-videla-y-su-postura-sobre-la-evolucion-del-cuarteto-cordobes\/","title":{"rendered":"\u201cMe jode un poquito el cover\u201d: El Negro Videla y su postura sobre la evoluci\u00f3n del cuarteto cordob\u00e9s"},"content":{"rendered":"<p class=\"article__dropline\">El reconocido m\u00fasico de La Docta reflexion\u00f3 sobre la actualidad del g\u00e9nero. El recuerdo de Ch\u00e9bere y el panorama de hoy en d\u00eda.<\/p>\n<p>El Negro Videla, uno de los referentes m\u00e1s respetados del cuarteto cordob\u00e9s, mantuvo un ameno di\u00e1logo con <i>Cuarteteando<\/i> y reflexion\u00f3 sobre la evoluci\u00f3n del g\u00e9nero de La Docta a lo largo de los a\u00f1os. El exCh\u00e9bere, que ha sido una figura clave en el desarrollo del tunga tunga, dej\u00f3 claro su punto de vista sobre el papel de los covers en la m\u00fasica actual.<\/p>\n<p>\u201cMe jode un poquito el cover. Antes hac\u00edamos, pero un 30%, todo lo otro era nuestro. Adem\u00e1s, lo disfraz\u00e1bamos. Ahora los chicos muchos copian y pegan. Los temas vienen con el aplauso y el coro incorporado\u201d, asegur\u00f3 destacando la originalidad que hab\u00eda en los repertorios de antes.<\/p>\n<p class=\"paragraph\">Videla sostiene que a diferencia de antes, ahora los covers son iguales a sus versiones originales. \u201cAntes los arregladores ten\u00edamos m\u00e1s trabajo\u201d, agreg\u00f3. Adem\u00e1s, destac\u00f3 que al haber m\u00e1s trabajo de producci\u00f3n, si un grupo hac\u00eda una canci\u00f3n los otros no la replicaban. \u201cSe respetaba m\u00e1s al que lo grab\u00f3 primero. Hab\u00eda m\u00e1s trabajo\u201d, sum\u00f3.<\/p>\n<p class=\"paragraph\">El impacto de Ch\u00e9bere<\/p>\n<p class=\"paragraph\">El cantante record\u00f3 la revoluci\u00f3n que tuvo a Ch\u00e9bere como gran protagonista. \u201cLe debo todo a Chebere\u201d, dijo. Bajo su direcci\u00f3n, el grupo introdujo innovaciones significativas en el cuarteto, como el uso trompetas, guitarra el\u00e9ctrica y coros femeninos, revolucionando el sonido del g\u00e9nero. \u201cDespu\u00e9s de eso no hubo un giro de 180 grados en el cuarteto como hicimos nosotros. Las gentes nos acept\u00f3\u201d, se\u00f1al\u00f3 Videla.<\/p>\n<p class=\"paragraph\">El Negro no dud\u00f3 en reconocer la influencia que otros g\u00e9neros musicales, como el jazz, rock, folklore y tango, han tenido en su trabajo. A lo largo de su carrera, ha admirado a grandes artistas como Far\u00edas G\u00f3mez y Piazzolla, quienes han sido fuente de inspiraci\u00f3n para su propio desarrollo musical. Esta diversidad de influencias es parte de lo que ha permitido a Videla mantenerse relevante y vigente durante tantos a\u00f1os.<\/p>\n<p>&nbsp;<\/p>\n<p>Fuente: Cuarteteando El Doce<\/p>\n","protected":false},"excerpt":{"rendered":"<p>El reconocido m\u00fasico de La Docta reflexion\u00f3 sobre la actualidad del g\u00e9nero. El recuerdo de Ch\u00e9bere y el panorama de hoy en d\u00eda. El Negro Videla, uno de los referentes m\u00e1s respetados del cuarteto cordob\u00e9s, mantuvo un ameno di\u00e1logo con Cuarteteando y reflexion\u00f3 sobre la evoluci\u00f3n del g\u00e9nero de La Docta a lo largo de&#8230;<\/p>\n","protected":false},"author":1,"featured_media":561,"comment_status":"open","ping_status":"open","sticky":false,"template":"","format":"standard","meta":{"_monsterinsights_skip_tracking":false,"_monsterinsights_sitenote_active":false,"_monsterinsights_sitenote_note":"","_monsterinsights_sitenote_category":0,"_kad_post_transparent":"default","_kad_post_title":"default","_kad_post_layout":"default","_kad_post_sidebar_id":"","_kad_post_content_style":"default","_kad_post_vertical_padding":"default","_kad_post_feature":"","_kad_post_feature_position":"","_kad_post_header":false,"_kad_post_footer":false,"footnotes":""},"categories":[9],"tags":[126],"yoast_head":"<!-- This site is optimized with the Yoast SEO plugin v23.3 - https:\/\/yoast.com\/wordpress\/plugins\/seo\/ -->\n<title>\u201cMe jode un poquito el cover\u201d: El Negro Videla y su postura sobre la evoluci\u00f3n del cuarteto cordob\u00e9s - CADENA CENTRO POPULAR<\/title>\n<meta name=\"robots\" content=\"index, follow, max-snippet:-1, max-image-preview:large, max-video-preview:-1\" \/>\n<link rel=\"canonical\" href=\"https:\/\/cadenacentropopular.com\/index.php\/2024\/09\/16\/me-jode-un-poquito-el-cover-el-negro-videla-y-su-postura-sobre-la-evolucion-del-cuarteto-cordobes\/\" \/>\n<meta property=\"og:locale\" content=\"en_US\" \/>\n<meta property=\"og:type\" content=\"article\" \/>\n<meta property=\"og:title\" content=\"\u201cMe jode un poquito el cover\u201d: El Negro Videla y su postura sobre la evoluci\u00f3n del cuarteto cordob\u00e9s - CADENA CENTRO POPULAR\" \/>\n<meta property=\"og:description\" content=\"El reconocido m\u00fasico de La Docta reflexion\u00f3 sobre la actualidad del g\u00e9nero. El recuerdo de Ch\u00e9bere y el panorama de hoy en d\u00eda. El Negro Videla, uno de los referentes m\u00e1s respetados del cuarteto cordob\u00e9s, mantuvo un ameno di\u00e1logo con Cuarteteando y reflexion\u00f3 sobre la evoluci\u00f3n del g\u00e9nero de La Docta a lo largo de...\" \/>\n<meta property=\"og:url\" content=\"https:\/\/cadenacentropopular.com\/index.php\/2024\/09\/16\/me-jode-un-poquito-el-cover-el-negro-videla-y-su-postura-sobre-la-evolucion-del-cuarteto-cordobes\/\" \/>\n<meta property=\"og:site_name\" content=\"CADENA CENTRO POPULAR\" \/>\n<meta property=\"article:publisher\" content=\"https:\/\/www.facebook.com\/cadenacentropopular\" \/>\n<meta property=\"article:published_time\" content=\"2024-09-16T22:58:26+00:00\" \/>\n<meta property=\"og:image\" content=\"http:\/\/cadenacentropopular.com\/wp-content\/uploads\/2024\/09\/el-negro-videla-en-cuarteteando-J5X6DH5EARA65KTPT6PTYQRMFA.png\" \/>\n\t<meta property=\"og:image:width\" content=\"1440\" \/>\n\t<meta property=\"og:image:height\" content=\"811\" \/>\n\t<meta property=\"og:image:type\" content=\"image\/png\" \/>\n<meta name=\"author\" content=\"CcentroPopular\" \/>\n<meta name=\"twitter:card\" content=\"summary_large_image\" \/>\n<meta name=\"twitter:label1\" content=\"Written by\" \/>\n\t<meta name=\"twitter:data1\" content=\"CcentroPopular\" \/>\n\t<meta name=\"twitter:label2\" content=\"Est. reading time\" \/>\n\t<meta name=\"twitter:data2\" content=\"2 minutes\" \/>\n<script type=\"application\/ld+json\" class=\"yoast-schema-graph\">{\"@context\":\"https:\/\/schema.org\",\"@graph\":[{\"@type\":\"Article\",\"@id\":\"https:\/\/cadenacentropopular.com\/index.php\/2024\/09\/16\/me-jode-un-poquito-el-cover-el-negro-videla-y-su-postura-sobre-la-evolucion-del-cuarteto-cordobes\/#article\",\"isPartOf\":{\"@id\":\"https:\/\/cadenacentropopular.com\/index.php\/2024\/09\/16\/me-jode-un-poquito-el-cover-el-negro-videla-y-su-postura-sobre-la-evolucion-del-cuarteto-cordobes\/\"},\"author\":{\"name\":\"CcentroPopular\",\"@id\":\"https:\/\/cadenacentropopular.com\/#\/schema\/person\/0729df060fc8b84f539c0129cc09e4ad\"},\"headline\":\"\u201cMe jode un poquito el cover\u201d: El Negro Videla y su postura sobre la evoluci\u00f3n del cuarteto cordob\u00e9s\",\"datePublished\":\"2024-09-16T22:58:26+00:00\",\"dateModified\":\"2024-09-16T22:58:26+00:00\",\"mainEntityOfPage\":{\"@id\":\"https:\/\/cadenacentropopular.com\/index.php\/2024\/09\/16\/me-jode-un-poquito-el-cover-el-negro-videla-y-su-postura-sobre-la-evolucion-del-cuarteto-cordobes\/\"},\"wordCount\":391,\"commentCount\":0,\"publisher\":{\"@id\":\"https:\/\/cadenacentropopular.com\/#organization\"},\"image\":{\"@id\":\"https:\/\/cadenacentropopular.com\/index.php\/2024\/09\/16\/me-jode-un-poquito-el-cover-el-negro-videla-y-su-postura-sobre-la-evolucion-del-cuarteto-cordobes\/#primaryimage\"},\"thumbnailUrl\":\"https:\/\/cadenacentropopular.com\/wp-content\/uploads\/2024\/09\/el-negro-videla-en-cuarteteando-J5X6DH5EARA65KTPT6PTYQRMFA.png\",\"keywords\":[\"el negro videla\"],\"articleSection\":[\"cuarteto\"],\"inLanguage\":\"en-US\",\"potentialAction\":[{\"@type\":\"CommentAction\",\"name\":\"Comment\",\"target\":[\"https:\/\/cadenacentropopular.com\/index.php\/2024\/09\/16\/me-jode-un-poquito-el-cover-el-negro-videla-y-su-postura-sobre-la-evolucion-del-cuarteto-cordobes\/#respond\"]}]},{\"@type\":\"WebPage\",\"@id\":\"https:\/\/cadenacentropopular.com\/index.php\/2024\/09\/16\/me-jode-un-poquito-el-cover-el-negro-videla-y-su-postura-sobre-la-evolucion-del-cuarteto-cordobes\/\",\"url\":\"https:\/\/cadenacentropopular.com\/index.php\/2024\/09\/16\/me-jode-un-poquito-el-cover-el-negro-videla-y-su-postura-sobre-la-evolucion-del-cuarteto-cordobes\/\",\"name\":\"\u201cMe jode un poquito el cover\u201d: El Negro Videla y su postura sobre la evoluci\u00f3n del cuarteto cordob\u00e9s - CADENA CENTRO POPULAR\",\"isPartOf\":{\"@id\":\"https:\/\/cadenacentropopular.com\/#website\"},\"primaryImageOfPage\":{\"@id\":\"https:\/\/cadenacentropopular.com\/index.php\/2024\/09\/16\/me-jode-un-poquito-el-cover-el-negro-videla-y-su-postura-sobre-la-evolucion-del-cuarteto-cordobes\/#primaryimage\"},\"image\":{\"@id\":\"https:\/\/cadenacentropopular.com\/index.php\/2024\/09\/16\/me-jode-un-poquito-el-cover-el-negro-videla-y-su-postura-sobre-la-evolucion-del-cuarteto-cordobes\/#primaryimage\"},\"thumbnailUrl\":\"https:\/\/cadenacentropopular.com\/wp-content\/uploads\/2024\/09\/el-negro-videla-en-cuarteteando-J5X6DH5EARA65KTPT6PTYQRMFA.png\",\"datePublished\":\"2024-09-16T22:58:26+00:00\",\"dateModified\":\"2024-09-16T22:58:26+00:00\",\"breadcrumb\":{\"@id\":\"https:\/\/cadenacentropopular.com\/index.php\/2024\/09\/16\/me-jode-un-poquito-el-cover-el-negro-videla-y-su-postura-sobre-la-evolucion-del-cuarteto-cordobes\/#breadcrumb\"},\"inLanguage\":\"en-US\",\"potentialAction\":[{\"@type\":\"ReadAction\",\"target\":[\"https:\/\/cadenacentropopular.com\/index.php\/2024\/09\/16\/me-jode-un-poquito-el-cover-el-negro-videla-y-su-postura-sobre-la-evolucion-del-cuarteto-cordobes\/\"]}]},{\"@type\":\"ImageObject\",\"inLanguage\":\"en-US\",\"@id\":\"https:\/\/cadenacentropopular.com\/index.php\/2024\/09\/16\/me-jode-un-poquito-el-cover-el-negro-videla-y-su-postura-sobre-la-evolucion-del-cuarteto-cordobes\/#primaryimage\",\"url\":\"https:\/\/cadenacentropopular.com\/wp-content\/uploads\/2024\/09\/el-negro-videla-en-cuarteteando-J5X6DH5EARA65KTPT6PTYQRMFA.png\",\"contentUrl\":\"https:\/\/cadenacentropopular.com\/wp-content\/uploads\/2024\/09\/el-negro-videla-en-cuarteteando-J5X6DH5EARA65KTPT6PTYQRMFA.png\",\"width\":1440,\"height\":811},{\"@type\":\"BreadcrumbList\",\"@id\":\"https:\/\/cadenacentropopular.com\/index.php\/2024\/09\/16\/me-jode-un-poquito-el-cover-el-negro-videla-y-su-postura-sobre-la-evolucion-del-cuarteto-cordobes\/#breadcrumb\",\"itemListElement\":[{\"@type\":\"ListItem\",\"position\":1,\"name\":\"Home\",\"item\":\"https:\/\/cadenacentropopular.com\/\"},{\"@type\":\"ListItem\",\"position\":2,\"name\":\"\u201cMe jode un poquito el cover\u201d: El Negro Videla y su postura sobre la evoluci\u00f3n del cuarteto cordob\u00e9s\"}]},{\"@type\":\"WebSite\",\"@id\":\"https:\/\/cadenacentropopular.com\/#website\",\"url\":\"https:\/\/cadenacentropopular.com\/\",\"name\":\"CADENA CENTRO POPULAR\",\"description\":\"\",\"publisher\":{\"@id\":\"https:\/\/cadenacentropopular.com\/#organization\"},\"potentialAction\":[{\"@type\":\"SearchAction\",\"target\":{\"@type\":\"EntryPoint\",\"urlTemplate\":\"https:\/\/cadenacentropopular.com\/?s={search_term_string}\"},\"query-input\":\"required name=search_term_string\"}],\"inLanguage\":\"en-US\"},{\"@type\":\"Organization\",\"@id\":\"https:\/\/cadenacentropopular.com\/#organization\",\"name\":\"CADENA CENTRO POPULAR\",\"url\":\"https:\/\/cadenacentropopular.com\/\",\"logo\":{\"@type\":\"ImageObject\",\"inLanguage\":\"en-US\",\"@id\":\"https:\/\/cadenacentropopular.com\/#\/schema\/logo\/image\/\",\"url\":\"http:\/\/cadenacentropopular.com\/wp-content\/uploads\/2022\/04\/portada.png\",\"contentUrl\":\"http:\/\/cadenacentropopular.com\/wp-content\/uploads\/2022\/04\/portada.png\",\"width\":5317,\"height\":1962,\"caption\":\"CADENA CENTRO POPULAR\"},\"image\":{\"@id\":\"https:\/\/cadenacentropopular.com\/#\/schema\/logo\/image\/\"},\"sameAs\":[\"https:\/\/www.facebook.com\/cadenacentropopular\",\"https:\/\/www.instagram.com\/ccentropopular\/\"]},{\"@type\":\"Person\",\"@id\":\"https:\/\/cadenacentropopular.com\/#\/schema\/person\/0729df060fc8b84f539c0129cc09e4ad\",\"name\":\"CcentroPopular\",\"image\":{\"@type\":\"ImageObject\",\"inLanguage\":\"en-US\",\"@id\":\"https:\/\/cadenacentropopular.com\/#\/schema\/person\/image\/\",\"url\":\"https:\/\/secure.gravatar.com\/avatar\/e3f77d046163f2c4e6977af93d588471?s=96&d=mm&r=g\",\"contentUrl\":\"https:\/\/secure.gravatar.com\/avatar\/e3f77d046163f2c4e6977af93d588471?s=96&d=mm&r=g\",\"caption\":\"CcentroPopular\"},\"sameAs\":[\"http:\/\/cadenacentropopular.com\"],\"url\":\"https:\/\/cadenacentropopular.com\/index.php\/author\/maguiz\/\"}]}<\/script>\n<!-- \/ Yoast SEO plugin. -->","yoast_head_json":{"title":"\u201cMe jode un poquito el cover\u201d: El Negro Videla y su postura sobre la evoluci\u00f3n del cuarteto cordob\u00e9s - CADENA CENTRO POPULAR","robots":{"index":"index","follow":"follow","max-snippet":"max-snippet:-1","max-image-preview":"max-image-preview:large","max-video-preview":"max-video-preview:-1"},"canonical":"https:\/\/cadenacentropopular.com\/index.php\/2024\/09\/16\/me-jode-un-poquito-el-cover-el-negro-videla-y-su-postura-sobre-la-evolucion-del-cuarteto-cordobes\/","og_locale":"en_US","og_type":"article","og_title":"\u201cMe jode un poquito el cover\u201d: El Negro Videla y su postura sobre la evoluci\u00f3n del cuarteto cordob\u00e9s - CADENA CENTRO POPULAR","og_description":"El reconocido m\u00fasico de La Docta reflexion\u00f3 sobre la actualidad del g\u00e9nero. El recuerdo de Ch\u00e9bere y el panorama de hoy en d\u00eda. El Negro Videla, uno de los referentes m\u00e1s respetados del cuarteto cordob\u00e9s, mantuvo un ameno di\u00e1logo con Cuarteteando y reflexion\u00f3 sobre la evoluci\u00f3n del g\u00e9nero de La Docta a lo largo de...","og_url":"https:\/\/cadenacentropopular.com\/index.php\/2024\/09\/16\/me-jode-un-poquito-el-cover-el-negro-videla-y-su-postura-sobre-la-evolucion-del-cuarteto-cordobes\/","og_site_name":"CADENA CENTRO POPULAR","article_publisher":"https:\/\/www.facebook.com\/cadenacentropopular","article_published_time":"2024-09-16T22:58:26+00:00","og_image":[{"width":1440,"height":811,"url":"http:\/\/cadenacentropopular.com\/wp-content\/uploads\/2024\/09\/el-negro-videla-en-cuarteteando-J5X6DH5EARA65KTPT6PTYQRMFA.png","type":"image\/png"}],"author":"CcentroPopular","twitter_card":"summary_large_image","twitter_misc":{"Written by":"CcentroPopular","Est. reading time":"2 minutes"},"schema":{"@context":"https:\/\/schema.org","@graph":[{"@type":"Article","@id":"https:\/\/cadenacentropopular.com\/index.php\/2024\/09\/16\/me-jode-un-poquito-el-cover-el-negro-videla-y-su-postura-sobre-la-evolucion-del-cuarteto-cordobes\/#article","isPartOf":{"@id":"https:\/\/cadenacentropopular.com\/index.php\/2024\/09\/16\/me-jode-un-poquito-el-cover-el-negro-videla-y-su-postura-sobre-la-evolucion-del-cuarteto-cordobes\/"},"author":{"name":"CcentroPopular","@id":"https:\/\/cadenacentropopular.com\/#\/schema\/person\/0729df060fc8b84f539c0129cc09e4ad"},"headline":"\u201cMe jode un poquito el cover\u201d: El Negro Videla y su postura sobre la evoluci\u00f3n del cuarteto cordob\u00e9s","datePublished":"2024-09-16T22:58:26+00:00","dateModified":"2024-09-16T22:58:26+00:00","mainEntityOfPage":{"@id":"https:\/\/cadenacentropopular.com\/index.php\/2024\/09\/16\/me-jode-un-poquito-el-cover-el-negro-videla-y-su-postura-sobre-la-evolucion-del-cuarteto-cordobes\/"},"wordCount":391,"commentCount":0,"publisher":{"@id":"https:\/\/cadenacentropopular.com\/#organization"},"image":{"@id":"https:\/\/cadenacentropopular.com\/index.php\/2024\/09\/16\/me-jode-un-poquito-el-cover-el-negro-videla-y-su-postura-sobre-la-evolucion-del-cuarteto-cordobes\/#primaryimage"},"thumbnailUrl":"https:\/\/cadenacentropopular.com\/wp-content\/uploads\/2024\/09\/el-negro-videla-en-cuarteteando-J5X6DH5EARA65KTPT6PTYQRMFA.png","keywords":["el negro videla"],"articleSection":["cuarteto"],"inLanguage":"en-US","potentialAction":[{"@type":"CommentAction","name":"Comment","target":["https:\/\/cadenacentropopular.com\/index.php\/2024\/09\/16\/me-jode-un-poquito-el-cover-el-negro-videla-y-su-postura-sobre-la-evolucion-del-cuarteto-cordobes\/#respond"]}]},{"@type":"WebPage","@id":"https:\/\/cadenacentropopular.com\/index.php\/2024\/09\/16\/me-jode-un-poquito-el-cover-el-negro-videla-y-su-postura-sobre-la-evolucion-del-cuarteto-cordobes\/","url":"https:\/\/cadenacentropopular.com\/index.php\/2024\/09\/16\/me-jode-un-poquito-el-cover-el-negro-videla-y-su-postura-sobre-la-evolucion-del-cuarteto-cordobes\/","name":"\u201cMe jode un poquito el cover\u201d: El Negro Videla y su postura sobre la evoluci\u00f3n del cuarteto cordob\u00e9s - CADENA CENTRO POPULAR","isPartOf":{"@id":"https:\/\/cadenacentropopular.com\/#website"},"primaryImageOfPage":{"@id":"https:\/\/cadenacentropopular.com\/index.php\/2024\/09\/16\/me-jode-un-poquito-el-cover-el-negro-videla-y-su-postura-sobre-la-evolucion-del-cuarteto-cordobes\/#primaryimage"},"image":{"@id":"https:\/\/cadenacentropopular.com\/index.php\/2024\/09\/16\/me-jode-un-poquito-el-cover-el-negro-videla-y-su-postura-sobre-la-evolucion-del-cuarteto-cordobes\/#primaryimage"},"thumbnailUrl":"https:\/\/cadenacentropopular.com\/wp-content\/uploads\/2024\/09\/el-negro-videla-en-cuarteteando-J5X6DH5EARA65KTPT6PTYQRMFA.png","datePublished":"2024-09-16T22:58:26+00:00","dateModified":"2024-09-16T22:58:26+00:00","breadcrumb":{"@id":"https:\/\/cadenacentropopular.com\/index.php\/2024\/09\/16\/me-jode-un-poquito-el-cover-el-negro-videla-y-su-postura-sobre-la-evolucion-del-cuarteto-cordobes\/#breadcrumb"},"inLanguage":"en-US","potentialAction":[{"@type":"ReadAction","target":["https:\/\/cadenacentropopular.com\/index.php\/2024\/09\/16\/me-jode-un-poquito-el-cover-el-negro-videla-y-su-postura-sobre-la-evolucion-del-cuarteto-cordobes\/"]}]},{"@type":"ImageObject","inLanguage":"en-US","@id":"https:\/\/cadenacentropopular.com\/index.php\/2024\/09\/16\/me-jode-un-poquito-el-cover-el-negro-videla-y-su-postura-sobre-la-evolucion-del-cuarteto-cordobes\/#primaryimage","url":"https:\/\/cadenacentropopular.com\/wp-content\/uploads\/2024\/09\/el-negro-videla-en-cuarteteando-J5X6DH5EARA65KTPT6PTYQRMFA.png","contentUrl":"https:\/\/cadenacentropopular.com\/wp-content\/uploads\/2024\/09\/el-negro-videla-en-cuarteteando-J5X6DH5EARA65KTPT6PTYQRMFA.png","width":1440,"height":811},{"@type":"BreadcrumbList","@id":"https:\/\/cadenacentropopular.com\/index.php\/2024\/09\/16\/me-jode-un-poquito-el-cover-el-negro-videla-y-su-postura-sobre-la-evolucion-del-cuarteto-cordobes\/#breadcrumb","itemListElement":[{"@type":"ListItem","position":1,"name":"Home","item":"https:\/\/cadenacentropopular.com\/"},{"@type":"ListItem","position":2,"name":"\u201cMe jode un poquito el cover\u201d: El Negro Videla y su postura sobre la evoluci\u00f3n del cuarteto cordob\u00e9s"}]},{"@type":"WebSite","@id":"https:\/\/cadenacentropopular.com\/#website","url":"https:\/\/cadenacentropopular.com\/","name":"CADENA CENTRO POPULAR","description":"","publisher":{"@id":"https:\/\/cadenacentropopular.com\/#organization"},"potentialAction":[{"@type":"SearchAction","target":{"@type":"EntryPoint","urlTemplate":"https:\/\/cadenacentropopular.com\/?s={search_term_string}"},"query-input":"required name=search_term_string"}],"inLanguage":"en-US"},{"@type":"Organization","@id":"https:\/\/cadenacentropopular.com\/#organization","name":"CADENA CENTRO POPULAR","url":"https:\/\/cadenacentropopular.com\/","logo":{"@type":"ImageObject","inLanguage":"en-US","@id":"https:\/\/cadenacentropopular.com\/#\/schema\/logo\/image\/","url":"http:\/\/cadenacentropopular.com\/wp-content\/uploads\/2022\/04\/portada.png","contentUrl":"http:\/\/cadenacentropopular.com\/wp-content\/uploads\/2022\/04\/portada.png","width":5317,"height":1962,"caption":"CADENA CENTRO POPULAR"},"image":{"@id":"https:\/\/cadenacentropopular.com\/#\/schema\/logo\/image\/"},"sameAs":["https:\/\/www.facebook.com\/cadenacentropopular","https:\/\/www.instagram.com\/ccentropopular\/"]},{"@type":"Person","@id":"https:\/\/cadenacentropopular.com\/#\/schema\/person\/0729df060fc8b84f539c0129cc09e4ad","name":"CcentroPopular","image":{"@type":"ImageObject","inLanguage":"en-US","@id":"https:\/\/cadenacentropopular.com\/#\/schema\/person\/image\/","url":"https:\/\/secure.gravatar.com\/avatar\/e3f77d046163f2c4e6977af93d588471?s=96&d=mm&r=g","contentUrl":"https:\/\/secure.gravatar.com\/avatar\/e3f77d046163f2c4e6977af93d588471?s=96&d=mm&r=g","caption":"CcentroPopular"},"sameAs":["http:\/\/cadenacentropopular.com"],"url":"https:\/\/cadenacentropopular.com\/index.php\/author\/maguiz\/"}]}},"_links":{"self":[{"href":"https:\/\/cadenacentropopular.com\/index.php\/wp-json\/wp\/v2\/posts\/560"}],"collection":[{"href":"https:\/\/cadenacentropopular.com\/index.php\/wp-json\/wp\/v2\/posts"}],"about":[{"href":"https:\/\/cadenacentropopular.com\/index.php\/wp-json\/wp\/v2\/types\/post"}],"author":[{"embeddable":true,"href":"https:\/\/cadenacentropopular.com\/index.php\/wp-json\/wp\/v2\/users\/1"}],"replies":[{"embeddable":true,"href":"https:\/\/cadenacentropopular.com\/index.php\/wp-json\/wp\/v2\/comments?post=560"}],"version-history":[{"count":1,"href":"https:\/\/cadenacentropopular.com\/index.php\/wp-json\/wp\/v2\/posts\/560\/revisions"}],"predecessor-version":[{"id":562,"href":"https:\/\/cadenacentropopular.com\/index.php\/wp-json\/wp\/v2\/posts\/560\/revisions\/562"}],"wp:featuredmedia":[{"embeddable":true,"href":"https:\/\/cadenacentropopular.com\/index.php\/wp-json\/wp\/v2\/media\/561"}],"wp:attachment":[{"href":"https:\/\/cadenacentropopular.com\/index.php\/wp-json\/wp\/v2\/media?parent=560"}],"wp:term":[{"taxonomy":"category","embeddable":true,"href":"https:\/\/cadenacentropopular.com\/index.php\/wp-json\/wp\/v2\/categories?post=560"},{"taxonomy":"post_tag","embeddable":true,"href":"https:\/\/cadenacentropopular.com\/index.php\/wp-json\/wp\/v2\/tags?post=560"}],"curies":[{"name":"wp","href":"https:\/\/api.w.org\/{rel}","templated":true}]}}