{"id":474,"date":"2024-04-22T14:02:39","date_gmt":"2024-04-22T14:02:39","guid":{"rendered":"https:\/\/cadenacentropopular.com\/?p=474"},"modified":"2024-04-23T14:03:03","modified_gmt":"2024-04-23T14:03:03","slug":"cordobazo-en-uruguay-el-viaje-de-los-jimeneros-en-primera-persona","status":"publish","type":"post","link":"https:\/\/cadenacentropopular.com\/index.php\/2024\/04\/22\/cordobazo-en-uruguay-el-viaje-de-los-jimeneros-en-primera-persona\/","title":{"rendered":"Cordobazo en Uruguay: el viaje de los jimeneros en primera persona"},"content":{"rendered":"<p class=\"article__dropline\">El cuartetero m\u00e1s famoso fue protagonista en el pa\u00eds vecino. Sus fan\u00e1ticos no dudaron en viajar cientos de kil\u00f3metros para acompa\u00f1arlo.<\/p>\n<p>La Mona fue uno de los protagonistas en el Cosqu\u00edn Rock Uruguay y los jimeneros demostraron el fen\u00f3meno popular que representa el Mandam\u00e1s. Cientos de cordobeses, se costearon el viaje con el sudor de su frente y acompa\u00f1aron a su \u00eddolo hasta el pa\u00eds vecino. En di\u00e1logo con<i> Cuarteteando<\/i>, Jos\u00e9 L\u00f3pez cont\u00f3 su traves\u00eda.<\/p>\n<p>El Ruludo lo conoce como Jos\u00e9 de Los Granados y as\u00ed lo nombra desde el escenario. \u201cBueno entre cordobeses nos conocemos todos y sabemos bien quienes son los que organizan. Cuando son viajes largos se ponen de acuerdo con respecto a la gente\u201d, cont\u00f3.<\/p>\n<p class=\"paragraph\">Sus compa\u00f1eros de viaje, Franco de la 11 de general paz, Chiro de Yapey\u00fa y El viejo de Villa Paez, fueron los que organizaron esta odisea. Colectivos llenos de fan\u00e1ticos con sus respectivos pilusos, banderas y remeras de La Mona que generan una atm\u00f3sfera \u00fanica.<\/p>\n<p class=\"paragraph\">\u201cSi yo pudiera ir\u00eda en todos los colectivos, a veces cuando frenamos en alg\u00fan parador para que los chicos puedan ir al ba\u00f1o y comprar algo para comer, me cruzo de colectivo y me subo a tocar algunos temas mientras esperan a la gente. Me gusta compartir con todos\u201d, agreg\u00f3 Jos\u00e9.<\/p>\n<p class=\"paragraph\">Entre los jimeneros tambi\u00e9n lo conocen como El Pianista. Su teclado lo acompa\u00f1a en cada gira y las canciones del cordob\u00e9s m\u00e1s famoso se hacen sentir con pasi\u00f3n en los colectivos.<\/p>\n<p class=\"paragraph\">\u201cEsto se resume en amor, podemos tener muchas diferencias, pol\u00edticas religiosas, de f\u00fatbol o de lo que sea. Pero el amor que sentimos por la mona nos une, y lo dem\u00e1s no importa. Al ser popular este amor, lo compartimos y vamos todos para el mismo lado. Es impresionante\u201d, sum\u00f3 emocionado.<\/p>\n<p><img fetchpriority=\"high\" decoding=\"async\" class=\"alignnone size-full wp-image-475\" src=\"http:\/\/cadenacentropopular.com\/wp-content\/uploads\/2024\/04\/cordobazo-en-uruguay-el-viaje-de-los-jimeneros-en-primera-persona-TO37PIUDWVEE7EYLH2534T2HCE.avif\" alt=\"\" width=\"1440\" height=\"1087\" srcset=\"https:\/\/cadenacentropopular.com\/wp-content\/uploads\/2024\/04\/cordobazo-en-uruguay-el-viaje-de-los-jimeneros-en-primera-persona-TO37PIUDWVEE7EYLH2534T2HCE.avif 1440w, https:\/\/cadenacentropopular.com\/wp-content\/uploads\/2024\/04\/cordobazo-en-uruguay-el-viaje-de-los-jimeneros-en-primera-persona-TO37PIUDWVEE7EYLH2534T2HCE-300x226.avif 300w, https:\/\/cadenacentropopular.com\/wp-content\/uploads\/2024\/04\/cordobazo-en-uruguay-el-viaje-de-los-jimeneros-en-primera-persona-TO37PIUDWVEE7EYLH2534T2HCE-1024x773.avif 1024w, https:\/\/cadenacentropopular.com\/wp-content\/uploads\/2024\/04\/cordobazo-en-uruguay-el-viaje-de-los-jimeneros-en-primera-persona-TO37PIUDWVEE7EYLH2534T2HCE-768x580.avif 768w\" sizes=\"(max-width: 1440px) 100vw, 1440px\" \/><\/p>\n<h4 class=\"font--primary\"><b>El asombro de los uruguayos<\/b><\/h4>\n<p class=\"paragraph\">Los charr\u00faas quedaron impactados ante el aliento jimenero, c\u00f3mo el cuartetero se comunica con sus fans mediante se\u00f1as y su memoria al recordar cada uno de sus nombres.<\/p>\n<p class=\"paragraph\">\u201cYo creo que no existe ning\u00fan artista en el mundo que toque en otro pa\u00eds o en otra ciudad y que los seguidores vayan a verlo\u201d, concluy\u00f3.<\/p>\n<p>&nbsp;<\/p>\n<p>Fuente: El doce &#8211; Cuarteteando<\/p>\n","protected":false},"excerpt":{"rendered":"<p>El cuartetero m\u00e1s famoso fue protagonista en el pa\u00eds vecino. Sus fan\u00e1ticos no dudaron en viajar cientos de kil\u00f3metros para acompa\u00f1arlo. La Mona fue uno de los protagonistas en el Cosqu\u00edn Rock Uruguay y los jimeneros demostraron el fen\u00f3meno popular que representa el Mandam\u00e1s. Cientos de cordobeses, se costearon el viaje con el sudor de&#8230;<\/p>\n","protected":false},"author":1,"featured_media":476,"comment_status":"open","ping_status":"open","sticky":false,"template":"","format":"standard","meta":{"_monsterinsights_skip_tracking":false,"_monsterinsights_sitenote_active":false,"_monsterinsights_sitenote_note":"","_monsterinsights_sitenote_category":0,"_kad_post_transparent":"default","_kad_post_title":"default","_kad_post_layout":"default","_kad_post_sidebar_id":"","_kad_post_content_style":"default","_kad_post_vertical_padding":"default","_kad_post_feature":"","_kad_post_feature_position":"","_kad_post_header":false,"_kad_post_footer":false,"footnotes":""},"categories":[10],"tags":[],"yoast_head":"<!-- This site is optimized with the Yoast SEO plugin v23.3 - https:\/\/yoast.com\/wordpress\/plugins\/seo\/ -->\n<title>Cordobazo en Uruguay: el viaje de los jimeneros en primera persona - CADENA CENTRO POPULAR<\/title>\n<meta name=\"robots\" content=\"index, follow, max-snippet:-1, max-image-preview:large, max-video-preview:-1\" \/>\n<link rel=\"canonical\" href=\"https:\/\/cadenacentropopular.com\/index.php\/2024\/04\/22\/cordobazo-en-uruguay-el-viaje-de-los-jimeneros-en-primera-persona\/\" \/>\n<meta property=\"og:locale\" content=\"en_US\" \/>\n<meta property=\"og:type\" content=\"article\" \/>\n<meta property=\"og:title\" content=\"Cordobazo en Uruguay: el viaje de los jimeneros en primera persona - CADENA CENTRO POPULAR\" \/>\n<meta property=\"og:description\" content=\"El cuartetero m\u00e1s famoso fue protagonista en el pa\u00eds vecino. Sus fan\u00e1ticos no dudaron en viajar cientos de kil\u00f3metros para acompa\u00f1arlo. La Mona fue uno de los protagonistas en el Cosqu\u00edn Rock Uruguay y los jimeneros demostraron el fen\u00f3meno popular que representa el Mandam\u00e1s. Cientos de cordobeses, se costearon el viaje con el sudor de...\" \/>\n<meta property=\"og:url\" content=\"https:\/\/cadenacentropopular.com\/index.php\/2024\/04\/22\/cordobazo-en-uruguay-el-viaje-de-los-jimeneros-en-primera-persona\/\" \/>\n<meta property=\"og:site_name\" content=\"CADENA CENTRO POPULAR\" \/>\n<meta property=\"article:publisher\" content=\"https:\/\/www.facebook.com\/cadenacentropopular\" \/>\n<meta property=\"article:published_time\" content=\"2024-04-22T14:02:39+00:00\" \/>\n<meta property=\"article:modified_time\" content=\"2024-04-23T14:03:03+00:00\" \/>\n<meta property=\"og:image\" content=\"https:\/\/cadenacentropopular.com\/wp-content\/uploads\/2022\/04\/portada.png\" \/>\n\t<meta property=\"og:image:width\" content=\"5317\" \/>\n\t<meta property=\"og:image:height\" content=\"1962\" \/>\n\t<meta property=\"og:image:type\" content=\"image\/png\" \/>\n<meta name=\"author\" content=\"CcentroPopular\" \/>\n<meta name=\"twitter:card\" content=\"summary_large_image\" \/>\n<meta name=\"twitter:label1\" content=\"Written by\" \/>\n\t<meta name=\"twitter:data1\" content=\"CcentroPopular\" \/>\n\t<meta name=\"twitter:label2\" content=\"Est. reading time\" \/>\n\t<meta name=\"twitter:data2\" content=\"2 minutes\" \/>\n<script type=\"application\/ld+json\" class=\"yoast-schema-graph\">{\"@context\":\"https:\/\/schema.org\",\"@graph\":[{\"@type\":\"Article\",\"@id\":\"https:\/\/cadenacentropopular.com\/index.php\/2024\/04\/22\/cordobazo-en-uruguay-el-viaje-de-los-jimeneros-en-primera-persona\/#article\",\"isPartOf\":{\"@id\":\"https:\/\/cadenacentropopular.com\/index.php\/2024\/04\/22\/cordobazo-en-uruguay-el-viaje-de-los-jimeneros-en-primera-persona\/\"},\"author\":{\"name\":\"CcentroPopular\",\"@id\":\"https:\/\/cadenacentropopular.com\/#\/schema\/person\/0729df060fc8b84f539c0129cc09e4ad\"},\"headline\":\"Cordobazo en Uruguay: el viaje de los jimeneros en primera persona\",\"datePublished\":\"2024-04-22T14:02:39+00:00\",\"dateModified\":\"2024-04-23T14:03:03+00:00\",\"mainEntityOfPage\":{\"@id\":\"https:\/\/cadenacentropopular.com\/index.php\/2024\/04\/22\/cordobazo-en-uruguay-el-viaje-de-los-jimeneros-en-primera-persona\/\"},\"wordCount\":405,\"commentCount\":0,\"publisher\":{\"@id\":\"https:\/\/cadenacentropopular.com\/#organization\"},\"image\":{\"@id\":\"https:\/\/cadenacentropopular.com\/index.php\/2024\/04\/22\/cordobazo-en-uruguay-el-viaje-de-los-jimeneros-en-primera-persona\/#primaryimage\"},\"thumbnailUrl\":\"https:\/\/cadenacentropopular.com\/wp-content\/uploads\/2024\/04\/los-jimeneros-que-acompanaron-al-mandamas-KIOF4JTT2VFFZIJUUEFTSKY3KI.avif\",\"articleSection\":[\"virales\"],\"inLanguage\":\"en-US\",\"potentialAction\":[{\"@type\":\"CommentAction\",\"name\":\"Comment\",\"target\":[\"https:\/\/cadenacentropopular.com\/index.php\/2024\/04\/22\/cordobazo-en-uruguay-el-viaje-de-los-jimeneros-en-primera-persona\/#respond\"]}]},{\"@type\":\"WebPage\",\"@id\":\"https:\/\/cadenacentropopular.com\/index.php\/2024\/04\/22\/cordobazo-en-uruguay-el-viaje-de-los-jimeneros-en-primera-persona\/\",\"url\":\"https:\/\/cadenacentropopular.com\/index.php\/2024\/04\/22\/cordobazo-en-uruguay-el-viaje-de-los-jimeneros-en-primera-persona\/\",\"name\":\"Cordobazo en Uruguay: el viaje de los jimeneros en primera persona - CADENA CENTRO POPULAR\",\"isPartOf\":{\"@id\":\"https:\/\/cadenacentropopular.com\/#website\"},\"primaryImageOfPage\":{\"@id\":\"https:\/\/cadenacentropopular.com\/index.php\/2024\/04\/22\/cordobazo-en-uruguay-el-viaje-de-los-jimeneros-en-primera-persona\/#primaryimage\"},\"image\":{\"@id\":\"https:\/\/cadenacentropopular.com\/index.php\/2024\/04\/22\/cordobazo-en-uruguay-el-viaje-de-los-jimeneros-en-primera-persona\/#primaryimage\"},\"thumbnailUrl\":\"https:\/\/cadenacentropopular.com\/wp-content\/uploads\/2024\/04\/los-jimeneros-que-acompanaron-al-mandamas-KIOF4JTT2VFFZIJUUEFTSKY3KI.avif\",\"datePublished\":\"2024-04-22T14:02:39+00:00\",\"dateModified\":\"2024-04-23T14:03:03+00:00\",\"breadcrumb\":{\"@id\":\"https:\/\/cadenacentropopular.com\/index.php\/2024\/04\/22\/cordobazo-en-uruguay-el-viaje-de-los-jimeneros-en-primera-persona\/#breadcrumb\"},\"inLanguage\":\"en-US\",\"potentialAction\":[{\"@type\":\"ReadAction\",\"target\":[\"https:\/\/cadenacentropopular.com\/index.php\/2024\/04\/22\/cordobazo-en-uruguay-el-viaje-de-los-jimeneros-en-primera-persona\/\"]}]},{\"@type\":\"ImageObject\",\"inLanguage\":\"en-US\",\"@id\":\"https:\/\/cadenacentropopular.com\/index.php\/2024\/04\/22\/cordobazo-en-uruguay-el-viaje-de-los-jimeneros-en-primera-persona\/#primaryimage\",\"url\":\"https:\/\/cadenacentropopular.com\/wp-content\/uploads\/2024\/04\/los-jimeneros-que-acompanaron-al-mandamas-KIOF4JTT2VFFZIJUUEFTSKY3KI.avif\",\"contentUrl\":\"https:\/\/cadenacentropopular.com\/wp-content\/uploads\/2024\/04\/los-jimeneros-que-acompanaron-al-mandamas-KIOF4JTT2VFFZIJUUEFTSKY3KI.avif\",\"width\":1440,\"height\":811},{\"@type\":\"BreadcrumbList\",\"@id\":\"https:\/\/cadenacentropopular.com\/index.php\/2024\/04\/22\/cordobazo-en-uruguay-el-viaje-de-los-jimeneros-en-primera-persona\/#breadcrumb\",\"itemListElement\":[{\"@type\":\"ListItem\",\"position\":1,\"name\":\"Home\",\"item\":\"https:\/\/cadenacentropopular.com\/\"},{\"@type\":\"ListItem\",\"position\":2,\"name\":\"Cordobazo en Uruguay: el viaje de los jimeneros en primera persona\"}]},{\"@type\":\"WebSite\",\"@id\":\"https:\/\/cadenacentropopular.com\/#website\",\"url\":\"https:\/\/cadenacentropopular.com\/\",\"name\":\"CADENA CENTRO POPULAR\",\"description\":\"\",\"publisher\":{\"@id\":\"https:\/\/cadenacentropopular.com\/#organization\"},\"potentialAction\":[{\"@type\":\"SearchAction\",\"target\":{\"@type\":\"EntryPoint\",\"urlTemplate\":\"https:\/\/cadenacentropopular.com\/?s={search_term_string}\"},\"query-input\":\"required name=search_term_string\"}],\"inLanguage\":\"en-US\"},{\"@type\":\"Organization\",\"@id\":\"https:\/\/cadenacentropopular.com\/#organization\",\"name\":\"CADENA CENTRO POPULAR\",\"url\":\"https:\/\/cadenacentropopular.com\/\",\"logo\":{\"@type\":\"ImageObject\",\"inLanguage\":\"en-US\",\"@id\":\"https:\/\/cadenacentropopular.com\/#\/schema\/logo\/image\/\",\"url\":\"http:\/\/cadenacentropopular.com\/wp-content\/uploads\/2022\/04\/portada.png\",\"contentUrl\":\"http:\/\/cadenacentropopular.com\/wp-content\/uploads\/2022\/04\/portada.png\",\"width\":5317,\"height\":1962,\"caption\":\"CADENA CENTRO POPULAR\"},\"image\":{\"@id\":\"https:\/\/cadenacentropopular.com\/#\/schema\/logo\/image\/\"},\"sameAs\":[\"https:\/\/www.facebook.com\/cadenacentropopular\",\"https:\/\/www.instagram.com\/ccentropopular\/\"]},{\"@type\":\"Person\",\"@id\":\"https:\/\/cadenacentropopular.com\/#\/schema\/person\/0729df060fc8b84f539c0129cc09e4ad\",\"name\":\"CcentroPopular\",\"image\":{\"@type\":\"ImageObject\",\"inLanguage\":\"en-US\",\"@id\":\"https:\/\/cadenacentropopular.com\/#\/schema\/person\/image\/\",\"url\":\"https:\/\/secure.gravatar.com\/avatar\/e3f77d046163f2c4e6977af93d588471?s=96&d=mm&r=g\",\"contentUrl\":\"https:\/\/secure.gravatar.com\/avatar\/e3f77d046163f2c4e6977af93d588471?s=96&d=mm&r=g\",\"caption\":\"CcentroPopular\"},\"sameAs\":[\"http:\/\/cadenacentropopular.com\"],\"url\":\"https:\/\/cadenacentropopular.com\/index.php\/author\/maguiz\/\"}]}<\/script>\n<!-- \/ Yoast SEO plugin. -->","yoast_head_json":{"title":"Cordobazo en Uruguay: el viaje de los jimeneros en primera persona - CADENA CENTRO POPULAR","robots":{"index":"index","follow":"follow","max-snippet":"max-snippet:-1","max-image-preview":"max-image-preview:large","max-video-preview":"max-video-preview:-1"},"canonical":"https:\/\/cadenacentropopular.com\/index.php\/2024\/04\/22\/cordobazo-en-uruguay-el-viaje-de-los-jimeneros-en-primera-persona\/","og_locale":"en_US","og_type":"article","og_title":"Cordobazo en Uruguay: el viaje de los jimeneros en primera persona - CADENA CENTRO POPULAR","og_description":"El cuartetero m\u00e1s famoso fue protagonista en el pa\u00eds vecino. Sus fan\u00e1ticos no dudaron en viajar cientos de kil\u00f3metros para acompa\u00f1arlo. La Mona fue uno de los protagonistas en el Cosqu\u00edn Rock Uruguay y los jimeneros demostraron el fen\u00f3meno popular que representa el Mandam\u00e1s. Cientos de cordobeses, se costearon el viaje con el sudor de...","og_url":"https:\/\/cadenacentropopular.com\/index.php\/2024\/04\/22\/cordobazo-en-uruguay-el-viaje-de-los-jimeneros-en-primera-persona\/","og_site_name":"CADENA CENTRO POPULAR","article_publisher":"https:\/\/www.facebook.com\/cadenacentropopular","article_published_time":"2024-04-22T14:02:39+00:00","article_modified_time":"2024-04-23T14:03:03+00:00","og_image":[{"width":5317,"height":1962,"url":"https:\/\/cadenacentropopular.com\/wp-content\/uploads\/2022\/04\/portada.png","type":"image\/png"}],"author":"CcentroPopular","twitter_card":"summary_large_image","twitter_misc":{"Written by":"CcentroPopular","Est. reading time":"2 minutes"},"schema":{"@context":"https:\/\/schema.org","@graph":[{"@type":"Article","@id":"https:\/\/cadenacentropopular.com\/index.php\/2024\/04\/22\/cordobazo-en-uruguay-el-viaje-de-los-jimeneros-en-primera-persona\/#article","isPartOf":{"@id":"https:\/\/cadenacentropopular.com\/index.php\/2024\/04\/22\/cordobazo-en-uruguay-el-viaje-de-los-jimeneros-en-primera-persona\/"},"author":{"name":"CcentroPopular","@id":"https:\/\/cadenacentropopular.com\/#\/schema\/person\/0729df060fc8b84f539c0129cc09e4ad"},"headline":"Cordobazo en Uruguay: el viaje de los jimeneros en primera persona","datePublished":"2024-04-22T14:02:39+00:00","dateModified":"2024-04-23T14:03:03+00:00","mainEntityOfPage":{"@id":"https:\/\/cadenacentropopular.com\/index.php\/2024\/04\/22\/cordobazo-en-uruguay-el-viaje-de-los-jimeneros-en-primera-persona\/"},"wordCount":405,"commentCount":0,"publisher":{"@id":"https:\/\/cadenacentropopular.com\/#organization"},"image":{"@id":"https:\/\/cadenacentropopular.com\/index.php\/2024\/04\/22\/cordobazo-en-uruguay-el-viaje-de-los-jimeneros-en-primera-persona\/#primaryimage"},"thumbnailUrl":"https:\/\/cadenacentropopular.com\/wp-content\/uploads\/2024\/04\/los-jimeneros-que-acompanaron-al-mandamas-KIOF4JTT2VFFZIJUUEFTSKY3KI.avif","articleSection":["virales"],"inLanguage":"en-US","potentialAction":[{"@type":"CommentAction","name":"Comment","target":["https:\/\/cadenacentropopular.com\/index.php\/2024\/04\/22\/cordobazo-en-uruguay-el-viaje-de-los-jimeneros-en-primera-persona\/#respond"]}]},{"@type":"WebPage","@id":"https:\/\/cadenacentropopular.com\/index.php\/2024\/04\/22\/cordobazo-en-uruguay-el-viaje-de-los-jimeneros-en-primera-persona\/","url":"https:\/\/cadenacentropopular.com\/index.php\/2024\/04\/22\/cordobazo-en-uruguay-el-viaje-de-los-jimeneros-en-primera-persona\/","name":"Cordobazo en Uruguay: el viaje de los jimeneros en primera persona - CADENA CENTRO POPULAR","isPartOf":{"@id":"https:\/\/cadenacentropopular.com\/#website"},"primaryImageOfPage":{"@id":"https:\/\/cadenacentropopular.com\/index.php\/2024\/04\/22\/cordobazo-en-uruguay-el-viaje-de-los-jimeneros-en-primera-persona\/#primaryimage"},"image":{"@id":"https:\/\/cadenacentropopular.com\/index.php\/2024\/04\/22\/cordobazo-en-uruguay-el-viaje-de-los-jimeneros-en-primera-persona\/#primaryimage"},"thumbnailUrl":"https:\/\/cadenacentropopular.com\/wp-content\/uploads\/2024\/04\/los-jimeneros-que-acompanaron-al-mandamas-KIOF4JTT2VFFZIJUUEFTSKY3KI.avif","datePublished":"2024-04-22T14:02:39+00:00","dateModified":"2024-04-23T14:03:03+00:00","breadcrumb":{"@id":"https:\/\/cadenacentropopular.com\/index.php\/2024\/04\/22\/cordobazo-en-uruguay-el-viaje-de-los-jimeneros-en-primera-persona\/#breadcrumb"},"inLanguage":"en-US","potentialAction":[{"@type":"ReadAction","target":["https:\/\/cadenacentropopular.com\/index.php\/2024\/04\/22\/cordobazo-en-uruguay-el-viaje-de-los-jimeneros-en-primera-persona\/"]}]},{"@type":"ImageObject","inLanguage":"en-US","@id":"https:\/\/cadenacentropopular.com\/index.php\/2024\/04\/22\/cordobazo-en-uruguay-el-viaje-de-los-jimeneros-en-primera-persona\/#primaryimage","url":"https:\/\/cadenacentropopular.com\/wp-content\/uploads\/2024\/04\/los-jimeneros-que-acompanaron-al-mandamas-KIOF4JTT2VFFZIJUUEFTSKY3KI.avif","contentUrl":"https:\/\/cadenacentropopular.com\/wp-content\/uploads\/2024\/04\/los-jimeneros-que-acompanaron-al-mandamas-KIOF4JTT2VFFZIJUUEFTSKY3KI.avif","width":1440,"height":811},{"@type":"BreadcrumbList","@id":"https:\/\/cadenacentropopular.com\/index.php\/2024\/04\/22\/cordobazo-en-uruguay-el-viaje-de-los-jimeneros-en-primera-persona\/#breadcrumb","itemListElement":[{"@type":"ListItem","position":1,"name":"Home","item":"https:\/\/cadenacentropopular.com\/"},{"@type":"ListItem","position":2,"name":"Cordobazo en Uruguay: el viaje de los jimeneros en primera persona"}]},{"@type":"WebSite","@id":"https:\/\/cadenacentropopular.com\/#website","url":"https:\/\/cadenacentropopular.com\/","name":"CADENA CENTRO POPULAR","description":"","publisher":{"@id":"https:\/\/cadenacentropopular.com\/#organization"},"potentialAction":[{"@type":"SearchAction","target":{"@type":"EntryPoint","urlTemplate":"https:\/\/cadenacentropopular.com\/?s={search_term_string}"},"query-input":"required name=search_term_string"}],"inLanguage":"en-US"},{"@type":"Organization","@id":"https:\/\/cadenacentropopular.com\/#organization","name":"CADENA CENTRO POPULAR","url":"https:\/\/cadenacentropopular.com\/","logo":{"@type":"ImageObject","inLanguage":"en-US","@id":"https:\/\/cadenacentropopular.com\/#\/schema\/logo\/image\/","url":"http:\/\/cadenacentropopular.com\/wp-content\/uploads\/2022\/04\/portada.png","contentUrl":"http:\/\/cadenacentropopular.com\/wp-content\/uploads\/2022\/04\/portada.png","width":5317,"height":1962,"caption":"CADENA CENTRO POPULAR"},"image":{"@id":"https:\/\/cadenacentropopular.com\/#\/schema\/logo\/image\/"},"sameAs":["https:\/\/www.facebook.com\/cadenacentropopular","https:\/\/www.instagram.com\/ccentropopular\/"]},{"@type":"Person","@id":"https:\/\/cadenacentropopular.com\/#\/schema\/person\/0729df060fc8b84f539c0129cc09e4ad","name":"CcentroPopular","image":{"@type":"ImageObject","inLanguage":"en-US","@id":"https:\/\/cadenacentropopular.com\/#\/schema\/person\/image\/","url":"https:\/\/secure.gravatar.com\/avatar\/e3f77d046163f2c4e6977af93d588471?s=96&d=mm&r=g","contentUrl":"https:\/\/secure.gravatar.com\/avatar\/e3f77d046163f2c4e6977af93d588471?s=96&d=mm&r=g","caption":"CcentroPopular"},"sameAs":["http:\/\/cadenacentropopular.com"],"url":"https:\/\/cadenacentropopular.com\/index.php\/author\/maguiz\/"}]}},"_links":{"self":[{"href":"https:\/\/cadenacentropopular.com\/index.php\/wp-json\/wp\/v2\/posts\/474"}],"collection":[{"href":"https:\/\/cadenacentropopular.com\/index.php\/wp-json\/wp\/v2\/posts"}],"about":[{"href":"https:\/\/cadenacentropopular.com\/index.php\/wp-json\/wp\/v2\/types\/post"}],"author":[{"embeddable":true,"href":"https:\/\/cadenacentropopular.com\/index.php\/wp-json\/wp\/v2\/users\/1"}],"replies":[{"embeddable":true,"href":"https:\/\/cadenacentropopular.com\/index.php\/wp-json\/wp\/v2\/comments?post=474"}],"version-history":[{"count":2,"href":"https:\/\/cadenacentropopular.com\/index.php\/wp-json\/wp\/v2\/posts\/474\/revisions"}],"predecessor-version":[{"id":478,"href":"https:\/\/cadenacentropopular.com\/index.php\/wp-json\/wp\/v2\/posts\/474\/revisions\/478"}],"wp:featuredmedia":[{"embeddable":true,"href":"https:\/\/cadenacentropopular.com\/index.php\/wp-json\/wp\/v2\/media\/476"}],"wp:attachment":[{"href":"https:\/\/cadenacentropopular.com\/index.php\/wp-json\/wp\/v2\/media?parent=474"}],"wp:term":[{"taxonomy":"category","embeddable":true,"href":"https:\/\/cadenacentropopular.com\/index.php\/wp-json\/wp\/v2\/categories?post=474"},{"taxonomy":"post_tag","embeddable":true,"href":"https:\/\/cadenacentropopular.com\/index.php\/wp-json\/wp\/v2\/tags?post=474"}],"curies":[{"name":"wp","href":"https:\/\/api.w.org\/{rel}","templated":true}]}}