{"id":401,"date":"2023-08-15T15:38:21","date_gmt":"2023-08-15T15:38:21","guid":{"rendered":"https:\/\/cadenacentropopular.com\/?p=401"},"modified":"2023-08-15T15:38:21","modified_gmt":"2023-08-15T15:38:21","slug":"adios-me-voy-que-quiso-decir-euge-quevedo","status":"publish","type":"post","link":"https:\/\/cadenacentropopular.com\/index.php\/2023\/08\/15\/adios-me-voy-que-quiso-decir-euge-quevedo\/","title":{"rendered":"\u201cAdi\u00f3s, me voy\u201d: \u00bfqu\u00e9 quiso decir Euge Quevedo?"},"content":{"rendered":"<p>La Muela comparti\u00f3 un video que tranquiliz\u00f3 a los fan\u00e1ticos tras el enigma.<\/p>\n<p>Euge\u00a0Quevedo sorprendi\u00f3 a todos\u00a0sus seguidores\u00a0de Instagram al borrar todos sus\u00a0posteos\u00a0y dejar una sola imagen con la frase:\u00a0&#8220;Adi\u00f3s, me voy&#8221;. Las especulaciones no tardaron en llegar hasta que la cantante comparti\u00f3 un video que trajo tranquilidad a los bailarines.<\/p>\n<blockquote class=\"instagram-media\" style=\"background: #FFF; border: 0; border-radius: 3px; box-shadow: 0 0 1px 0 rgba(0,0,0,0.5),0 1px 10px 0 rgba(0,0,0,0.15); margin: 1px; max-width: 540px; min-width: 326px; padding: 0; width: calc(100% - 2px);\" data-instgrm-captioned=\"\" data-instgrm-permalink=\"https:\/\/www.instagram.com\/reel\/Cv8ap81LKXG\/?utm_source=ig_embed&amp;utm_campaign=loading\" data-instgrm-version=\"14\">\n<div style=\"padding: 16px;\">\n<p>&nbsp;<\/p>\n<div style=\"display: flex; flex-direction: row; align-items: center;\">\n<div style=\"background-color: #f4f4f4; border-radius: 50%; flex-grow: 0; height: 40px; margin-right: 14px; width: 40px;\"><\/div>\n<div style=\"display: flex; flex-direction: column; flex-grow: 1; justify-content: center;\">\n<div style=\"background-color: #f4f4f4; border-radius: 4px; flex-grow: 0; height: 14px; margin-bottom: 6px; width: 100px;\"><\/div>\n<div style=\"background-color: #f4f4f4; border-radius: 4px; flex-grow: 0; height: 14px; width: 60px;\"><\/div>\n<\/div>\n<\/div>\n<div style=\"padding: 19% 0;\"><\/div>\n<div style=\"display: block; height: 50px; margin: 0 auto 12px; width: 50px;\"><\/div>\n<div style=\"padding-top: 8px;\">\n<div style=\"color: #3897f0; font-family: Arial,sans-serif; font-size: 14px; font-style: normal; font-weight: 550; line-height: 18px;\">Ver esta publicaci\u00f3n en Instagram<\/div>\n<\/div>\n<div style=\"padding: 12.5% 0;\"><\/div>\n<div style=\"display: flex; flex-direction: row; margin-bottom: 14px; align-items: center;\">\n<div>\n<div style=\"background-color: #f4f4f4; border-radius: 50%; height: 12.5px; width: 12.5px; transform: translateX(0px) translateY(7px);\"><\/div>\n<div style=\"background-color: #f4f4f4; height: 12.5px; transform: rotate(-45deg) translateX(3px) translateY(1px); width: 12.5px; flex-grow: 0; margin-right: 14px; margin-left: 2px;\"><\/div>\n<div style=\"background-color: #f4f4f4; border-radius: 50%; height: 12.5px; width: 12.5px; transform: translateX(9px) translateY(-18px);\"><\/div>\n<\/div>\n<div style=\"margin-left: 8px;\">\n<div style=\"background-color: #f4f4f4; border-radius: 50%; flex-grow: 0; height: 20px; width: 20px;\"><\/div>\n<div style=\"width: 0; height: 0; border-top: 2px solid transparent; border-left: 6px solid #f4f4f4; border-bottom: 2px solid transparent; transform: translateX(16px) translateY(-4px) rotate(30deg);\"><\/div>\n<\/div>\n<div style=\"margin-left: auto;\">\n<div style=\"width: 0px; border-top: 8px solid #F4F4F4; border-right: 8px solid transparent; transform: translateY(16px);\"><\/div>\n<div style=\"background-color: #f4f4f4; flex-grow: 0; height: 12px; width: 16px; transform: translateY(-4px);\"><\/div>\n<div style=\"width: 0; height: 0; border-top: 8px solid #F4F4F4; border-left: 8px solid transparent; transform: translateY(-4px) translateX(8px);\"><\/div>\n<\/div>\n<\/div>\n<div style=\"display: flex; flex-direction: column; flex-grow: 1; justify-content: center; margin-bottom: 24px;\">\n<div style=\"background-color: #f4f4f4; border-radius: 4px; flex-grow: 0; height: 14px; margin-bottom: 6px; width: 224px;\"><\/div>\n<div style=\"background-color: #f4f4f4; border-radius: 4px; flex-grow: 0; height: 14px; width: 144px;\"><\/div>\n<\/div>\n<p>&nbsp;<\/p>\n<p style=\"color: #c9c8cd; font-family: Arial,sans-serif; font-size: 14px; line-height: 17px; margin-bottom: 0; margin-top: 8px; overflow: hidden; padding: 8px 0 7px; text-align: center; text-overflow: ellipsis; white-space: nowrap;\"><a style=\"color: #c9c8cd; font-family: Arial,sans-serif; font-size: 14px; font-style: normal; font-weight: normal; line-height: 17px; text-decoration: none;\" href=\"https:\/\/www.instagram.com\/reel\/Cv8ap81LKXG\/?utm_source=ig_embed&amp;utm_campaign=loading\" target=\"_blank\" rel=\"noopener\">Una publicaci\u00f3n compartida por Eugenia Quevedo (@soyeugequevedook)<\/a><\/p>\n<\/div>\n<\/blockquote>\n<p><script async src=\"\/\/www.instagram.com\/embed.js\"><\/script><\/p>\n<p>Al parecer &#8220;adi\u00f3s, me voy&#8221; es una frase del nuevo tema que La Muela est\u00e1 preparando para este martes. Los rumores de una posible salida de La Banda de Carlitos hab\u00edan generado incertidumbre entre los fan\u00e1ticos y con el posteo la calma finalmente lleg\u00f3.<\/p>\n<p>Desde que Euge se sum\u00f3 a LBC la banda no ha parado de crecer. Con la reciente publicaci\u00f3n los cuarteteros no ven la hora para que el nuevo tema salga a la luz y puedan bailar el mejor estilo tunga tunga.<\/p>\n<p>Fuente: cuarteteando.com<\/p>\n","protected":false},"excerpt":{"rendered":"<p>La Muela comparti\u00f3 un video que tranquiliz\u00f3 a los fan\u00e1ticos tras el enigma. Euge\u00a0Quevedo sorprendi\u00f3 a todos\u00a0sus seguidores\u00a0de Instagram al borrar todos sus\u00a0posteos\u00a0y dejar una sola imagen con la frase:\u00a0&#8220;Adi\u00f3s, me voy&#8221;. Las especulaciones no tardaron en llegar hasta que la cantante comparti\u00f3 un video que trajo tranquilidad a los bailarines. &nbsp; Ver esta publicaci\u00f3n&#8230;<\/p>\n","protected":false},"author":1,"featured_media":402,"comment_status":"open","ping_status":"open","sticky":false,"template":"","format":"standard","meta":{"_monsterinsights_skip_tracking":false,"_monsterinsights_sitenote_active":false,"_monsterinsights_sitenote_note":"","_monsterinsights_sitenote_category":0,"_kad_post_transparent":"default","_kad_post_title":"default","_kad_post_layout":"default","_kad_post_sidebar_id":"","_kad_post_content_style":"default","_kad_post_vertical_padding":"default","_kad_post_feature":"","_kad_post_feature_position":"","_kad_post_header":false,"_kad_post_footer":false,"footnotes":""},"categories":[9],"tags":[114,16,75,93,113,115,116],"yoast_head":"<!-- This site is optimized with the Yoast SEO plugin v23.3 - https:\/\/yoast.com\/wordpress\/plugins\/seo\/ -->\n<title>\u201cAdi\u00f3s, me voy\u201d: \u00bfqu\u00e9 quiso decir Euge Quevedo? - CADENA CENTRO POPULAR<\/title>\n<meta name=\"description\" content=\"La Muela comparti\u00f3 un video que tranquiliz\u00f3 a los fan\u00e1ticos tras el enigma.\" \/>\n<meta name=\"robots\" content=\"index, follow, max-snippet:-1, max-image-preview:large, max-video-preview:-1\" \/>\n<link rel=\"canonical\" href=\"https:\/\/cadenacentropopular.com\/index.php\/2023\/08\/15\/adios-me-voy-que-quiso-decir-euge-quevedo\/\" \/>\n<meta property=\"og:locale\" content=\"en_US\" \/>\n<meta property=\"og:type\" content=\"article\" \/>\n<meta property=\"og:title\" content=\"\u201cAdi\u00f3s, me voy\u201d: \u00bfqu\u00e9 quiso decir Euge Quevedo? - CADENA CENTRO POPULAR\" \/>\n<meta property=\"og:description\" content=\"La Muela comparti\u00f3 un video que tranquiliz\u00f3 a los fan\u00e1ticos tras el enigma.\" \/>\n<meta property=\"og:url\" content=\"https:\/\/cadenacentropopular.com\/index.php\/2023\/08\/15\/adios-me-voy-que-quiso-decir-euge-quevedo\/\" \/>\n<meta property=\"og:site_name\" content=\"CADENA CENTRO POPULAR\" \/>\n<meta property=\"article:publisher\" content=\"https:\/\/www.facebook.com\/cadenacentropopular\" \/>\n<meta property=\"article:published_time\" content=\"2023-08-15T15:38:21+00:00\" \/>\n<meta property=\"og:image\" content=\"http:\/\/cadenacentropopular.com\/wp-content\/uploads\/2023\/08\/Eugenia-Quevedo.jpg\" \/>\n\t<meta property=\"og:image:width\" content=\"791\" \/>\n\t<meta property=\"og:image:height\" content=\"445\" \/>\n\t<meta property=\"og:image:type\" content=\"image\/jpeg\" \/>\n<meta name=\"author\" content=\"CcentroPopular\" \/>\n<meta name=\"twitter:card\" content=\"summary_large_image\" \/>\n<meta name=\"twitter:label1\" content=\"Written by\" \/>\n\t<meta name=\"twitter:data1\" content=\"CcentroPopular\" \/>\n\t<meta name=\"twitter:label2\" content=\"Est. reading time\" \/>\n\t<meta name=\"twitter:data2\" content=\"1 minute\" \/>\n<script type=\"application\/ld+json\" class=\"yoast-schema-graph\">{\"@context\":\"https:\/\/schema.org\",\"@graph\":[{\"@type\":\"Article\",\"@id\":\"https:\/\/cadenacentropopular.com\/index.php\/2023\/08\/15\/adios-me-voy-que-quiso-decir-euge-quevedo\/#article\",\"isPartOf\":{\"@id\":\"https:\/\/cadenacentropopular.com\/index.php\/2023\/08\/15\/adios-me-voy-que-quiso-decir-euge-quevedo\/\"},\"author\":{\"name\":\"CcentroPopular\",\"@id\":\"https:\/\/cadenacentropopular.com\/#\/schema\/person\/0729df060fc8b84f539c0129cc09e4ad\"},\"headline\":\"\u201cAdi\u00f3s, me voy\u201d: \u00bfqu\u00e9 quiso decir Euge Quevedo?\",\"datePublished\":\"2023-08-15T15:38:21+00:00\",\"dateModified\":\"2023-08-15T15:38:21+00:00\",\"mainEntityOfPage\":{\"@id\":\"https:\/\/cadenacentropopular.com\/index.php\/2023\/08\/15\/adios-me-voy-que-quiso-decir-euge-quevedo\/\"},\"wordCount\":176,\"commentCount\":0,\"publisher\":{\"@id\":\"https:\/\/cadenacentropopular.com\/#organization\"},\"image\":{\"@id\":\"https:\/\/cadenacentropopular.com\/index.php\/2023\/08\/15\/adios-me-voy-que-quiso-decir-euge-quevedo\/#primaryimage\"},\"thumbnailUrl\":\"https:\/\/cadenacentropopular.com\/wp-content\/uploads\/2023\/08\/Eugenia-Quevedo.jpg\",\"keywords\":[\"adios la muela\",\"cadena centro popular\",\"cruz del eje\",\"euge quevedo\",\"eugenia quevedo\",\"la muela\",\"la popu\"],\"articleSection\":[\"cuarteto\"],\"inLanguage\":\"en-US\",\"potentialAction\":[{\"@type\":\"CommentAction\",\"name\":\"Comment\",\"target\":[\"https:\/\/cadenacentropopular.com\/index.php\/2023\/08\/15\/adios-me-voy-que-quiso-decir-euge-quevedo\/#respond\"]}]},{\"@type\":\"WebPage\",\"@id\":\"https:\/\/cadenacentropopular.com\/index.php\/2023\/08\/15\/adios-me-voy-que-quiso-decir-euge-quevedo\/\",\"url\":\"https:\/\/cadenacentropopular.com\/index.php\/2023\/08\/15\/adios-me-voy-que-quiso-decir-euge-quevedo\/\",\"name\":\"\u201cAdi\u00f3s, me voy\u201d: \u00bfqu\u00e9 quiso decir Euge Quevedo? - CADENA CENTRO POPULAR\",\"isPartOf\":{\"@id\":\"https:\/\/cadenacentropopular.com\/#website\"},\"primaryImageOfPage\":{\"@id\":\"https:\/\/cadenacentropopular.com\/index.php\/2023\/08\/15\/adios-me-voy-que-quiso-decir-euge-quevedo\/#primaryimage\"},\"image\":{\"@id\":\"https:\/\/cadenacentropopular.com\/index.php\/2023\/08\/15\/adios-me-voy-que-quiso-decir-euge-quevedo\/#primaryimage\"},\"thumbnailUrl\":\"https:\/\/cadenacentropopular.com\/wp-content\/uploads\/2023\/08\/Eugenia-Quevedo.jpg\",\"datePublished\":\"2023-08-15T15:38:21+00:00\",\"dateModified\":\"2023-08-15T15:38:21+00:00\",\"description\":\"La Muela comparti\u00f3 un video que tranquiliz\u00f3 a los fan\u00e1ticos tras el enigma.\",\"breadcrumb\":{\"@id\":\"https:\/\/cadenacentropopular.com\/index.php\/2023\/08\/15\/adios-me-voy-que-quiso-decir-euge-quevedo\/#breadcrumb\"},\"inLanguage\":\"en-US\",\"potentialAction\":[{\"@type\":\"ReadAction\",\"target\":[\"https:\/\/cadenacentropopular.com\/index.php\/2023\/08\/15\/adios-me-voy-que-quiso-decir-euge-quevedo\/\"]}]},{\"@type\":\"ImageObject\",\"inLanguage\":\"en-US\",\"@id\":\"https:\/\/cadenacentropopular.com\/index.php\/2023\/08\/15\/adios-me-voy-que-quiso-decir-euge-quevedo\/#primaryimage\",\"url\":\"https:\/\/cadenacentropopular.com\/wp-content\/uploads\/2023\/08\/Eugenia-Quevedo.jpg\",\"contentUrl\":\"https:\/\/cadenacentropopular.com\/wp-content\/uploads\/2023\/08\/Eugenia-Quevedo.jpg\",\"width\":791,\"height\":445},{\"@type\":\"BreadcrumbList\",\"@id\":\"https:\/\/cadenacentropopular.com\/index.php\/2023\/08\/15\/adios-me-voy-que-quiso-decir-euge-quevedo\/#breadcrumb\",\"itemListElement\":[{\"@type\":\"ListItem\",\"position\":1,\"name\":\"Home\",\"item\":\"https:\/\/cadenacentropopular.com\/\"},{\"@type\":\"ListItem\",\"position\":2,\"name\":\"\u201cAdi\u00f3s, me voy\u201d: \u00bfqu\u00e9 quiso decir Euge Quevedo?\"}]},{\"@type\":\"WebSite\",\"@id\":\"https:\/\/cadenacentropopular.com\/#website\",\"url\":\"https:\/\/cadenacentropopular.com\/\",\"name\":\"CADENA CENTRO POPULAR\",\"description\":\"\",\"publisher\":{\"@id\":\"https:\/\/cadenacentropopular.com\/#organization\"},\"potentialAction\":[{\"@type\":\"SearchAction\",\"target\":{\"@type\":\"EntryPoint\",\"urlTemplate\":\"https:\/\/cadenacentropopular.com\/?s={search_term_string}\"},\"query-input\":\"required name=search_term_string\"}],\"inLanguage\":\"en-US\"},{\"@type\":\"Organization\",\"@id\":\"https:\/\/cadenacentropopular.com\/#organization\",\"name\":\"CADENA CENTRO POPULAR\",\"url\":\"https:\/\/cadenacentropopular.com\/\",\"logo\":{\"@type\":\"ImageObject\",\"inLanguage\":\"en-US\",\"@id\":\"https:\/\/cadenacentropopular.com\/#\/schema\/logo\/image\/\",\"url\":\"http:\/\/cadenacentropopular.com\/wp-content\/uploads\/2022\/04\/portada.png\",\"contentUrl\":\"http:\/\/cadenacentropopular.com\/wp-content\/uploads\/2022\/04\/portada.png\",\"width\":5317,\"height\":1962,\"caption\":\"CADENA CENTRO POPULAR\"},\"image\":{\"@id\":\"https:\/\/cadenacentropopular.com\/#\/schema\/logo\/image\/\"},\"sameAs\":[\"https:\/\/www.facebook.com\/cadenacentropopular\",\"https:\/\/www.instagram.com\/ccentropopular\/\"]},{\"@type\":\"Person\",\"@id\":\"https:\/\/cadenacentropopular.com\/#\/schema\/person\/0729df060fc8b84f539c0129cc09e4ad\",\"name\":\"CcentroPopular\",\"image\":{\"@type\":\"ImageObject\",\"inLanguage\":\"en-US\",\"@id\":\"https:\/\/cadenacentropopular.com\/#\/schema\/person\/image\/\",\"url\":\"https:\/\/secure.gravatar.com\/avatar\/e3f77d046163f2c4e6977af93d588471?s=96&d=mm&r=g\",\"contentUrl\":\"https:\/\/secure.gravatar.com\/avatar\/e3f77d046163f2c4e6977af93d588471?s=96&d=mm&r=g\",\"caption\":\"CcentroPopular\"},\"sameAs\":[\"http:\/\/cadenacentropopular.com\"],\"url\":\"https:\/\/cadenacentropopular.com\/index.php\/author\/maguiz\/\"}]}<\/script>\n<!-- \/ Yoast SEO plugin. -->","yoast_head_json":{"title":"\u201cAdi\u00f3s, me voy\u201d: \u00bfqu\u00e9 quiso decir Euge Quevedo? - CADENA CENTRO POPULAR","description":"La Muela comparti\u00f3 un video que tranquiliz\u00f3 a los fan\u00e1ticos tras el enigma.","robots":{"index":"index","follow":"follow","max-snippet":"max-snippet:-1","max-image-preview":"max-image-preview:large","max-video-preview":"max-video-preview:-1"},"canonical":"https:\/\/cadenacentropopular.com\/index.php\/2023\/08\/15\/adios-me-voy-que-quiso-decir-euge-quevedo\/","og_locale":"en_US","og_type":"article","og_title":"\u201cAdi\u00f3s, me voy\u201d: \u00bfqu\u00e9 quiso decir Euge Quevedo? - CADENA CENTRO POPULAR","og_description":"La Muela comparti\u00f3 un video que tranquiliz\u00f3 a los fan\u00e1ticos tras el enigma.","og_url":"https:\/\/cadenacentropopular.com\/index.php\/2023\/08\/15\/adios-me-voy-que-quiso-decir-euge-quevedo\/","og_site_name":"CADENA CENTRO POPULAR","article_publisher":"https:\/\/www.facebook.com\/cadenacentropopular","article_published_time":"2023-08-15T15:38:21+00:00","og_image":[{"width":791,"height":445,"url":"http:\/\/cadenacentropopular.com\/wp-content\/uploads\/2023\/08\/Eugenia-Quevedo.jpg","type":"image\/jpeg"}],"author":"CcentroPopular","twitter_card":"summary_large_image","twitter_misc":{"Written by":"CcentroPopular","Est. reading time":"1 minute"},"schema":{"@context":"https:\/\/schema.org","@graph":[{"@type":"Article","@id":"https:\/\/cadenacentropopular.com\/index.php\/2023\/08\/15\/adios-me-voy-que-quiso-decir-euge-quevedo\/#article","isPartOf":{"@id":"https:\/\/cadenacentropopular.com\/index.php\/2023\/08\/15\/adios-me-voy-que-quiso-decir-euge-quevedo\/"},"author":{"name":"CcentroPopular","@id":"https:\/\/cadenacentropopular.com\/#\/schema\/person\/0729df060fc8b84f539c0129cc09e4ad"},"headline":"\u201cAdi\u00f3s, me voy\u201d: \u00bfqu\u00e9 quiso decir Euge Quevedo?","datePublished":"2023-08-15T15:38:21+00:00","dateModified":"2023-08-15T15:38:21+00:00","mainEntityOfPage":{"@id":"https:\/\/cadenacentropopular.com\/index.php\/2023\/08\/15\/adios-me-voy-que-quiso-decir-euge-quevedo\/"},"wordCount":176,"commentCount":0,"publisher":{"@id":"https:\/\/cadenacentropopular.com\/#organization"},"image":{"@id":"https:\/\/cadenacentropopular.com\/index.php\/2023\/08\/15\/adios-me-voy-que-quiso-decir-euge-quevedo\/#primaryimage"},"thumbnailUrl":"https:\/\/cadenacentropopular.com\/wp-content\/uploads\/2023\/08\/Eugenia-Quevedo.jpg","keywords":["adios la muela","cadena centro popular","cruz del eje","euge quevedo","eugenia quevedo","la muela","la popu"],"articleSection":["cuarteto"],"inLanguage":"en-US","potentialAction":[{"@type":"CommentAction","name":"Comment","target":["https:\/\/cadenacentropopular.com\/index.php\/2023\/08\/15\/adios-me-voy-que-quiso-decir-euge-quevedo\/#respond"]}]},{"@type":"WebPage","@id":"https:\/\/cadenacentropopular.com\/index.php\/2023\/08\/15\/adios-me-voy-que-quiso-decir-euge-quevedo\/","url":"https:\/\/cadenacentropopular.com\/index.php\/2023\/08\/15\/adios-me-voy-que-quiso-decir-euge-quevedo\/","name":"\u201cAdi\u00f3s, me voy\u201d: \u00bfqu\u00e9 quiso decir Euge Quevedo? - CADENA CENTRO POPULAR","isPartOf":{"@id":"https:\/\/cadenacentropopular.com\/#website"},"primaryImageOfPage":{"@id":"https:\/\/cadenacentropopular.com\/index.php\/2023\/08\/15\/adios-me-voy-que-quiso-decir-euge-quevedo\/#primaryimage"},"image":{"@id":"https:\/\/cadenacentropopular.com\/index.php\/2023\/08\/15\/adios-me-voy-que-quiso-decir-euge-quevedo\/#primaryimage"},"thumbnailUrl":"https:\/\/cadenacentropopular.com\/wp-content\/uploads\/2023\/08\/Eugenia-Quevedo.jpg","datePublished":"2023-08-15T15:38:21+00:00","dateModified":"2023-08-15T15:38:21+00:00","description":"La Muela comparti\u00f3 un video que tranquiliz\u00f3 a los fan\u00e1ticos tras el enigma.","breadcrumb":{"@id":"https:\/\/cadenacentropopular.com\/index.php\/2023\/08\/15\/adios-me-voy-que-quiso-decir-euge-quevedo\/#breadcrumb"},"inLanguage":"en-US","potentialAction":[{"@type":"ReadAction","target":["https:\/\/cadenacentropopular.com\/index.php\/2023\/08\/15\/adios-me-voy-que-quiso-decir-euge-quevedo\/"]}]},{"@type":"ImageObject","inLanguage":"en-US","@id":"https:\/\/cadenacentropopular.com\/index.php\/2023\/08\/15\/adios-me-voy-que-quiso-decir-euge-quevedo\/#primaryimage","url":"https:\/\/cadenacentropopular.com\/wp-content\/uploads\/2023\/08\/Eugenia-Quevedo.jpg","contentUrl":"https:\/\/cadenacentropopular.com\/wp-content\/uploads\/2023\/08\/Eugenia-Quevedo.jpg","width":791,"height":445},{"@type":"BreadcrumbList","@id":"https:\/\/cadenacentropopular.com\/index.php\/2023\/08\/15\/adios-me-voy-que-quiso-decir-euge-quevedo\/#breadcrumb","itemListElement":[{"@type":"ListItem","position":1,"name":"Home","item":"https:\/\/cadenacentropopular.com\/"},{"@type":"ListItem","position":2,"name":"\u201cAdi\u00f3s, me voy\u201d: \u00bfqu\u00e9 quiso decir Euge Quevedo?"}]},{"@type":"WebSite","@id":"https:\/\/cadenacentropopular.com\/#website","url":"https:\/\/cadenacentropopular.com\/","name":"CADENA CENTRO POPULAR","description":"","publisher":{"@id":"https:\/\/cadenacentropopular.com\/#organization"},"potentialAction":[{"@type":"SearchAction","target":{"@type":"EntryPoint","urlTemplate":"https:\/\/cadenacentropopular.com\/?s={search_term_string}"},"query-input":"required name=search_term_string"}],"inLanguage":"en-US"},{"@type":"Organization","@id":"https:\/\/cadenacentropopular.com\/#organization","name":"CADENA CENTRO POPULAR","url":"https:\/\/cadenacentropopular.com\/","logo":{"@type":"ImageObject","inLanguage":"en-US","@id":"https:\/\/cadenacentropopular.com\/#\/schema\/logo\/image\/","url":"http:\/\/cadenacentropopular.com\/wp-content\/uploads\/2022\/04\/portada.png","contentUrl":"http:\/\/cadenacentropopular.com\/wp-content\/uploads\/2022\/04\/portada.png","width":5317,"height":1962,"caption":"CADENA CENTRO POPULAR"},"image":{"@id":"https:\/\/cadenacentropopular.com\/#\/schema\/logo\/image\/"},"sameAs":["https:\/\/www.facebook.com\/cadenacentropopular","https:\/\/www.instagram.com\/ccentropopular\/"]},{"@type":"Person","@id":"https:\/\/cadenacentropopular.com\/#\/schema\/person\/0729df060fc8b84f539c0129cc09e4ad","name":"CcentroPopular","image":{"@type":"ImageObject","inLanguage":"en-US","@id":"https:\/\/cadenacentropopular.com\/#\/schema\/person\/image\/","url":"https:\/\/secure.gravatar.com\/avatar\/e3f77d046163f2c4e6977af93d588471?s=96&d=mm&r=g","contentUrl":"https:\/\/secure.gravatar.com\/avatar\/e3f77d046163f2c4e6977af93d588471?s=96&d=mm&r=g","caption":"CcentroPopular"},"sameAs":["http:\/\/cadenacentropopular.com"],"url":"https:\/\/cadenacentropopular.com\/index.php\/author\/maguiz\/"}]}},"_links":{"self":[{"href":"https:\/\/cadenacentropopular.com\/index.php\/wp-json\/wp\/v2\/posts\/401"}],"collection":[{"href":"https:\/\/cadenacentropopular.com\/index.php\/wp-json\/wp\/v2\/posts"}],"about":[{"href":"https:\/\/cadenacentropopular.com\/index.php\/wp-json\/wp\/v2\/types\/post"}],"author":[{"embeddable":true,"href":"https:\/\/cadenacentropopular.com\/index.php\/wp-json\/wp\/v2\/users\/1"}],"replies":[{"embeddable":true,"href":"https:\/\/cadenacentropopular.com\/index.php\/wp-json\/wp\/v2\/comments?post=401"}],"version-history":[{"count":2,"href":"https:\/\/cadenacentropopular.com\/index.php\/wp-json\/wp\/v2\/posts\/401\/revisions"}],"predecessor-version":[{"id":404,"href":"https:\/\/cadenacentropopular.com\/index.php\/wp-json\/wp\/v2\/posts\/401\/revisions\/404"}],"wp:featuredmedia":[{"embeddable":true,"href":"https:\/\/cadenacentropopular.com\/index.php\/wp-json\/wp\/v2\/media\/402"}],"wp:attachment":[{"href":"https:\/\/cadenacentropopular.com\/index.php\/wp-json\/wp\/v2\/media?parent=401"}],"wp:term":[{"taxonomy":"category","embeddable":true,"href":"https:\/\/cadenacentropopular.com\/index.php\/wp-json\/wp\/v2\/categories?post=401"},{"taxonomy":"post_tag","embeddable":true,"href":"https:\/\/cadenacentropopular.com\/index.php\/wp-json\/wp\/v2\/tags?post=401"}],"curies":[{"name":"wp","href":"https:\/\/api.w.org\/{rel}","templated":true}]}}