{"id":389,"date":"2023-06-14T13:26:16","date_gmt":"2023-06-14T13:26:16","guid":{"rendered":"https:\/\/cadenacentropopular.com\/?p=389"},"modified":"2023-06-14T13:26:16","modified_gmt":"2023-06-14T13:26:16","slug":"dale-q-va-estrena-un-nuevo-single-de-cuarteto-con-un-artista-internacional","status":"publish","type":"post","link":"https:\/\/cadenacentropopular.com\/index.php\/2023\/06\/14\/dale-q-va-estrena-un-nuevo-single-de-cuarteto-con-un-artista-internacional\/","title":{"rendered":"Dale Q&#8217; Va estrena un nuevo single de cuarteto con un artista internacional"},"content":{"rendered":"<p>Dale Q\u2019 Va presenta su nuevo single titulado \u201cA D\u00f3nde Vas, interpretado por David Ort\u00edz y con colaboraci\u00f3n de su cantautor original \u201cAntonio Jos\u00e9\u201d. Se estrena el mi\u00e9rcoles a las 18:00hs.<\/p>\n<p>Durante la gira de prensa que la banda realiz\u00f3 en Buenos Aires, comparti\u00f3 uno de los programas junto al artista espa\u00f1ol, all\u00ed pudieron conocerse personalmente y surgi\u00f3 la idea de realizar un FT juntos, que se concret\u00f3 d\u00edas despu\u00e9s durante la visita de Antonio Jos\u00e9 a C\u00f3rdoba.<\/p>\n<p>El Estreno junto a su Videoclip ser\u00e1 este Miercoles 14 de junio a las 18:00hs (hora Argentina) a trav\u00e9s del Canal Oficial de Youtube de la banda y se lo podr\u00e1 disfrutar en Calidad 4K.<\/p>\n<p>De esta forma Dale Q\u00b4 Va contin\u00faa impulsando el crecimiento y exportaci\u00f3n del Cuarteto al mercado latinoamericano y europeo. \u201cA D\u00f3nde Vas\u201d estar\u00e1 Disponible en las dem\u00e1s plataformas digitales a partir del Viernes 16 de junio.<\/p>\n","protected":false},"excerpt":{"rendered":"<p>Dale Q\u2019 Va presenta su nuevo single titulado \u201cA D\u00f3nde Vas, interpretado por David Ort\u00edz y con colaboraci\u00f3n de su cantautor original \u201cAntonio Jos\u00e9\u201d. Se estrena el mi\u00e9rcoles a las 18:00hs. Durante la gira de prensa que la banda realiz\u00f3 en Buenos Aires, comparti\u00f3 uno de los programas junto al artista espa\u00f1ol, all\u00ed pudieron conocerse&#8230;<\/p>\n","protected":false},"author":1,"featured_media":390,"comment_status":"open","ping_status":"open","sticky":false,"template":"","format":"standard","meta":{"_monsterinsights_skip_tracking":false,"_monsterinsights_sitenote_active":false,"_monsterinsights_sitenote_note":"","_monsterinsights_sitenote_category":0,"_kad_post_transparent":"default","_kad_post_title":"default","_kad_post_layout":"default","_kad_post_sidebar_id":"","_kad_post_content_style":"default","_kad_post_vertical_padding":"default","_kad_post_feature":"","_kad_post_feature_position":"","_kad_post_header":false,"_kad_post_footer":false,"footnotes":""},"categories":[9],"tags":[111,16,46,11,13],"yoast_head":"<!-- This site is optimized with the Yoast SEO plugin v23.3 - https:\/\/yoast.com\/wordpress\/plugins\/seo\/ -->\n<title>Dale Q&#039; Va estrena un nuevo single de cuarteto con un artista internacional - CADENA CENTRO POPULAR<\/title>\n<meta name=\"description\" content=\"Dale Q\u2019 Va presenta su nuevo single titulado \u201cA D\u00f3nde Vas, interpretado por David Ort\u00edz y con colaboraci\u00f3n de su cantautor original \u201cAntonio Jos\u00e9\u201d\" \/>\n<meta name=\"robots\" content=\"index, follow, max-snippet:-1, max-image-preview:large, max-video-preview:-1\" \/>\n<link rel=\"canonical\" href=\"https:\/\/cadenacentropopular.com\/index.php\/2023\/06\/14\/dale-q-va-estrena-un-nuevo-single-de-cuarteto-con-un-artista-internacional\/\" \/>\n<meta property=\"og:locale\" content=\"en_US\" \/>\n<meta property=\"og:type\" content=\"article\" \/>\n<meta property=\"og:title\" content=\"Dale Q&#039; Va estrena un nuevo single de cuarteto con un artista internacional - CADENA CENTRO POPULAR\" \/>\n<meta property=\"og:description\" content=\"Dale Q\u2019 Va presenta su nuevo single titulado \u201cA D\u00f3nde Vas, interpretado por David Ort\u00edz y con colaboraci\u00f3n de su cantautor original \u201cAntonio Jos\u00e9\u201d\" \/>\n<meta property=\"og:url\" content=\"https:\/\/cadenacentropopular.com\/index.php\/2023\/06\/14\/dale-q-va-estrena-un-nuevo-single-de-cuarteto-con-un-artista-internacional\/\" \/>\n<meta property=\"og:site_name\" content=\"CADENA CENTRO POPULAR\" \/>\n<meta property=\"article:publisher\" content=\"https:\/\/www.facebook.com\/cadenacentropopular\" \/>\n<meta property=\"article:published_time\" content=\"2023-06-14T13:26:16+00:00\" \/>\n<meta property=\"og:image\" content=\"http:\/\/cadenacentropopular.com\/wp-content\/uploads\/2023\/06\/ARCHI_1004649.jpg\" \/>\n\t<meta property=\"og:image:width\" content=\"760\" \/>\n\t<meta property=\"og:image:height\" content=\"474\" \/>\n\t<meta property=\"og:image:type\" content=\"image\/jpeg\" \/>\n<meta name=\"author\" content=\"CcentroPopular\" \/>\n<meta name=\"twitter:card\" content=\"summary_large_image\" \/>\n<meta name=\"twitter:label1\" content=\"Written by\" \/>\n\t<meta name=\"twitter:data1\" content=\"CcentroPopular\" \/>\n\t<meta name=\"twitter:label2\" content=\"Est. reading time\" \/>\n\t<meta name=\"twitter:data2\" content=\"1 minute\" \/>\n<script type=\"application\/ld+json\" class=\"yoast-schema-graph\">{\"@context\":\"https:\/\/schema.org\",\"@graph\":[{\"@type\":\"Article\",\"@id\":\"https:\/\/cadenacentropopular.com\/index.php\/2023\/06\/14\/dale-q-va-estrena-un-nuevo-single-de-cuarteto-con-un-artista-internacional\/#article\",\"isPartOf\":{\"@id\":\"https:\/\/cadenacentropopular.com\/index.php\/2023\/06\/14\/dale-q-va-estrena-un-nuevo-single-de-cuarteto-con-un-artista-internacional\/\"},\"author\":{\"name\":\"CcentroPopular\",\"@id\":\"https:\/\/cadenacentropopular.com\/#\/schema\/person\/0729df060fc8b84f539c0129cc09e4ad\"},\"headline\":\"Dale Q&#8217; Va estrena un nuevo single de cuarteto con un artista internacional\",\"datePublished\":\"2023-06-14T13:26:16+00:00\",\"dateModified\":\"2023-06-14T13:26:16+00:00\",\"mainEntityOfPage\":{\"@id\":\"https:\/\/cadenacentropopular.com\/index.php\/2023\/06\/14\/dale-q-va-estrena-un-nuevo-single-de-cuarteto-con-un-artista-internacional\/\"},\"wordCount\":173,\"commentCount\":0,\"publisher\":{\"@id\":\"https:\/\/cadenacentropopular.com\/#organization\"},\"image\":{\"@id\":\"https:\/\/cadenacentropopular.com\/index.php\/2023\/06\/14\/dale-q-va-estrena-un-nuevo-single-de-cuarteto-con-un-artista-internacional\/#primaryimage\"},\"thumbnailUrl\":\"https:\/\/cadenacentropopular.com\/wp-content\/uploads\/2023\/06\/ARCHI_1004649.jpg\",\"keywords\":[\"antonio jose\",\"cadena centro popular\",\"cuarteto\",\"dale q va\",\"david ortiz\"],\"articleSection\":[\"cuarteto\"],\"inLanguage\":\"en-US\",\"potentialAction\":[{\"@type\":\"CommentAction\",\"name\":\"Comment\",\"target\":[\"https:\/\/cadenacentropopular.com\/index.php\/2023\/06\/14\/dale-q-va-estrena-un-nuevo-single-de-cuarteto-con-un-artista-internacional\/#respond\"]}]},{\"@type\":\"WebPage\",\"@id\":\"https:\/\/cadenacentropopular.com\/index.php\/2023\/06\/14\/dale-q-va-estrena-un-nuevo-single-de-cuarteto-con-un-artista-internacional\/\",\"url\":\"https:\/\/cadenacentropopular.com\/index.php\/2023\/06\/14\/dale-q-va-estrena-un-nuevo-single-de-cuarteto-con-un-artista-internacional\/\",\"name\":\"Dale Q' Va estrena un nuevo single de cuarteto con un artista internacional - CADENA CENTRO POPULAR\",\"isPartOf\":{\"@id\":\"https:\/\/cadenacentropopular.com\/#website\"},\"primaryImageOfPage\":{\"@id\":\"https:\/\/cadenacentropopular.com\/index.php\/2023\/06\/14\/dale-q-va-estrena-un-nuevo-single-de-cuarteto-con-un-artista-internacional\/#primaryimage\"},\"image\":{\"@id\":\"https:\/\/cadenacentropopular.com\/index.php\/2023\/06\/14\/dale-q-va-estrena-un-nuevo-single-de-cuarteto-con-un-artista-internacional\/#primaryimage\"},\"thumbnailUrl\":\"https:\/\/cadenacentropopular.com\/wp-content\/uploads\/2023\/06\/ARCHI_1004649.jpg\",\"datePublished\":\"2023-06-14T13:26:16+00:00\",\"dateModified\":\"2023-06-14T13:26:16+00:00\",\"description\":\"Dale Q\u2019 Va presenta su nuevo single titulado \u201cA D\u00f3nde Vas, interpretado por David Ort\u00edz y con colaboraci\u00f3n de su cantautor original \u201cAntonio Jos\u00e9\u201d\",\"breadcrumb\":{\"@id\":\"https:\/\/cadenacentropopular.com\/index.php\/2023\/06\/14\/dale-q-va-estrena-un-nuevo-single-de-cuarteto-con-un-artista-internacional\/#breadcrumb\"},\"inLanguage\":\"en-US\",\"potentialAction\":[{\"@type\":\"ReadAction\",\"target\":[\"https:\/\/cadenacentropopular.com\/index.php\/2023\/06\/14\/dale-q-va-estrena-un-nuevo-single-de-cuarteto-con-un-artista-internacional\/\"]}]},{\"@type\":\"ImageObject\",\"inLanguage\":\"en-US\",\"@id\":\"https:\/\/cadenacentropopular.com\/index.php\/2023\/06\/14\/dale-q-va-estrena-un-nuevo-single-de-cuarteto-con-un-artista-internacional\/#primaryimage\",\"url\":\"https:\/\/cadenacentropopular.com\/wp-content\/uploads\/2023\/06\/ARCHI_1004649.jpg\",\"contentUrl\":\"https:\/\/cadenacentropopular.com\/wp-content\/uploads\/2023\/06\/ARCHI_1004649.jpg\",\"width\":760,\"height\":474},{\"@type\":\"BreadcrumbList\",\"@id\":\"https:\/\/cadenacentropopular.com\/index.php\/2023\/06\/14\/dale-q-va-estrena-un-nuevo-single-de-cuarteto-con-un-artista-internacional\/#breadcrumb\",\"itemListElement\":[{\"@type\":\"ListItem\",\"position\":1,\"name\":\"Home\",\"item\":\"https:\/\/cadenacentropopular.com\/\"},{\"@type\":\"ListItem\",\"position\":2,\"name\":\"Dale Q&#8217; Va estrena un nuevo single de cuarteto con un artista internacional\"}]},{\"@type\":\"WebSite\",\"@id\":\"https:\/\/cadenacentropopular.com\/#website\",\"url\":\"https:\/\/cadenacentropopular.com\/\",\"name\":\"CADENA CENTRO POPULAR\",\"description\":\"\",\"publisher\":{\"@id\":\"https:\/\/cadenacentropopular.com\/#organization\"},\"potentialAction\":[{\"@type\":\"SearchAction\",\"target\":{\"@type\":\"EntryPoint\",\"urlTemplate\":\"https:\/\/cadenacentropopular.com\/?s={search_term_string}\"},\"query-input\":\"required name=search_term_string\"}],\"inLanguage\":\"en-US\"},{\"@type\":\"Organization\",\"@id\":\"https:\/\/cadenacentropopular.com\/#organization\",\"name\":\"CADENA CENTRO POPULAR\",\"url\":\"https:\/\/cadenacentropopular.com\/\",\"logo\":{\"@type\":\"ImageObject\",\"inLanguage\":\"en-US\",\"@id\":\"https:\/\/cadenacentropopular.com\/#\/schema\/logo\/image\/\",\"url\":\"http:\/\/cadenacentropopular.com\/wp-content\/uploads\/2022\/04\/portada.png\",\"contentUrl\":\"http:\/\/cadenacentropopular.com\/wp-content\/uploads\/2022\/04\/portada.png\",\"width\":5317,\"height\":1962,\"caption\":\"CADENA CENTRO POPULAR\"},\"image\":{\"@id\":\"https:\/\/cadenacentropopular.com\/#\/schema\/logo\/image\/\"},\"sameAs\":[\"https:\/\/www.facebook.com\/cadenacentropopular\",\"https:\/\/www.instagram.com\/ccentropopular\/\"]},{\"@type\":\"Person\",\"@id\":\"https:\/\/cadenacentropopular.com\/#\/schema\/person\/0729df060fc8b84f539c0129cc09e4ad\",\"name\":\"CcentroPopular\",\"image\":{\"@type\":\"ImageObject\",\"inLanguage\":\"en-US\",\"@id\":\"https:\/\/cadenacentropopular.com\/#\/schema\/person\/image\/\",\"url\":\"https:\/\/secure.gravatar.com\/avatar\/e3f77d046163f2c4e6977af93d588471?s=96&d=mm&r=g\",\"contentUrl\":\"https:\/\/secure.gravatar.com\/avatar\/e3f77d046163f2c4e6977af93d588471?s=96&d=mm&r=g\",\"caption\":\"CcentroPopular\"},\"sameAs\":[\"http:\/\/cadenacentropopular.com\"],\"url\":\"https:\/\/cadenacentropopular.com\/index.php\/author\/maguiz\/\"}]}<\/script>\n<!-- \/ Yoast SEO plugin. -->","yoast_head_json":{"title":"Dale Q' Va estrena un nuevo single de cuarteto con un artista internacional - CADENA CENTRO POPULAR","description":"Dale Q\u2019 Va presenta su nuevo single titulado \u201cA D\u00f3nde Vas, interpretado por David Ort\u00edz y con colaboraci\u00f3n de su cantautor original \u201cAntonio Jos\u00e9\u201d","robots":{"index":"index","follow":"follow","max-snippet":"max-snippet:-1","max-image-preview":"max-image-preview:large","max-video-preview":"max-video-preview:-1"},"canonical":"https:\/\/cadenacentropopular.com\/index.php\/2023\/06\/14\/dale-q-va-estrena-un-nuevo-single-de-cuarteto-con-un-artista-internacional\/","og_locale":"en_US","og_type":"article","og_title":"Dale Q' Va estrena un nuevo single de cuarteto con un artista internacional - CADENA CENTRO POPULAR","og_description":"Dale Q\u2019 Va presenta su nuevo single titulado \u201cA D\u00f3nde Vas, interpretado por David Ort\u00edz y con colaboraci\u00f3n de su cantautor original \u201cAntonio Jos\u00e9\u201d","og_url":"https:\/\/cadenacentropopular.com\/index.php\/2023\/06\/14\/dale-q-va-estrena-un-nuevo-single-de-cuarteto-con-un-artista-internacional\/","og_site_name":"CADENA CENTRO POPULAR","article_publisher":"https:\/\/www.facebook.com\/cadenacentropopular","article_published_time":"2023-06-14T13:26:16+00:00","og_image":[{"width":760,"height":474,"url":"http:\/\/cadenacentropopular.com\/wp-content\/uploads\/2023\/06\/ARCHI_1004649.jpg","type":"image\/jpeg"}],"author":"CcentroPopular","twitter_card":"summary_large_image","twitter_misc":{"Written by":"CcentroPopular","Est. reading time":"1 minute"},"schema":{"@context":"https:\/\/schema.org","@graph":[{"@type":"Article","@id":"https:\/\/cadenacentropopular.com\/index.php\/2023\/06\/14\/dale-q-va-estrena-un-nuevo-single-de-cuarteto-con-un-artista-internacional\/#article","isPartOf":{"@id":"https:\/\/cadenacentropopular.com\/index.php\/2023\/06\/14\/dale-q-va-estrena-un-nuevo-single-de-cuarteto-con-un-artista-internacional\/"},"author":{"name":"CcentroPopular","@id":"https:\/\/cadenacentropopular.com\/#\/schema\/person\/0729df060fc8b84f539c0129cc09e4ad"},"headline":"Dale Q&#8217; Va estrena un nuevo single de cuarteto con un artista internacional","datePublished":"2023-06-14T13:26:16+00:00","dateModified":"2023-06-14T13:26:16+00:00","mainEntityOfPage":{"@id":"https:\/\/cadenacentropopular.com\/index.php\/2023\/06\/14\/dale-q-va-estrena-un-nuevo-single-de-cuarteto-con-un-artista-internacional\/"},"wordCount":173,"commentCount":0,"publisher":{"@id":"https:\/\/cadenacentropopular.com\/#organization"},"image":{"@id":"https:\/\/cadenacentropopular.com\/index.php\/2023\/06\/14\/dale-q-va-estrena-un-nuevo-single-de-cuarteto-con-un-artista-internacional\/#primaryimage"},"thumbnailUrl":"https:\/\/cadenacentropopular.com\/wp-content\/uploads\/2023\/06\/ARCHI_1004649.jpg","keywords":["antonio jose","cadena centro popular","cuarteto","dale q va","david ortiz"],"articleSection":["cuarteto"],"inLanguage":"en-US","potentialAction":[{"@type":"CommentAction","name":"Comment","target":["https:\/\/cadenacentropopular.com\/index.php\/2023\/06\/14\/dale-q-va-estrena-un-nuevo-single-de-cuarteto-con-un-artista-internacional\/#respond"]}]},{"@type":"WebPage","@id":"https:\/\/cadenacentropopular.com\/index.php\/2023\/06\/14\/dale-q-va-estrena-un-nuevo-single-de-cuarteto-con-un-artista-internacional\/","url":"https:\/\/cadenacentropopular.com\/index.php\/2023\/06\/14\/dale-q-va-estrena-un-nuevo-single-de-cuarteto-con-un-artista-internacional\/","name":"Dale Q' Va estrena un nuevo single de cuarteto con un artista internacional - CADENA CENTRO POPULAR","isPartOf":{"@id":"https:\/\/cadenacentropopular.com\/#website"},"primaryImageOfPage":{"@id":"https:\/\/cadenacentropopular.com\/index.php\/2023\/06\/14\/dale-q-va-estrena-un-nuevo-single-de-cuarteto-con-un-artista-internacional\/#primaryimage"},"image":{"@id":"https:\/\/cadenacentropopular.com\/index.php\/2023\/06\/14\/dale-q-va-estrena-un-nuevo-single-de-cuarteto-con-un-artista-internacional\/#primaryimage"},"thumbnailUrl":"https:\/\/cadenacentropopular.com\/wp-content\/uploads\/2023\/06\/ARCHI_1004649.jpg","datePublished":"2023-06-14T13:26:16+00:00","dateModified":"2023-06-14T13:26:16+00:00","description":"Dale Q\u2019 Va presenta su nuevo single titulado \u201cA D\u00f3nde Vas, interpretado por David Ort\u00edz y con colaboraci\u00f3n de su cantautor original \u201cAntonio Jos\u00e9\u201d","breadcrumb":{"@id":"https:\/\/cadenacentropopular.com\/index.php\/2023\/06\/14\/dale-q-va-estrena-un-nuevo-single-de-cuarteto-con-un-artista-internacional\/#breadcrumb"},"inLanguage":"en-US","potentialAction":[{"@type":"ReadAction","target":["https:\/\/cadenacentropopular.com\/index.php\/2023\/06\/14\/dale-q-va-estrena-un-nuevo-single-de-cuarteto-con-un-artista-internacional\/"]}]},{"@type":"ImageObject","inLanguage":"en-US","@id":"https:\/\/cadenacentropopular.com\/index.php\/2023\/06\/14\/dale-q-va-estrena-un-nuevo-single-de-cuarteto-con-un-artista-internacional\/#primaryimage","url":"https:\/\/cadenacentropopular.com\/wp-content\/uploads\/2023\/06\/ARCHI_1004649.jpg","contentUrl":"https:\/\/cadenacentropopular.com\/wp-content\/uploads\/2023\/06\/ARCHI_1004649.jpg","width":760,"height":474},{"@type":"BreadcrumbList","@id":"https:\/\/cadenacentropopular.com\/index.php\/2023\/06\/14\/dale-q-va-estrena-un-nuevo-single-de-cuarteto-con-un-artista-internacional\/#breadcrumb","itemListElement":[{"@type":"ListItem","position":1,"name":"Home","item":"https:\/\/cadenacentropopular.com\/"},{"@type":"ListItem","position":2,"name":"Dale Q&#8217; Va estrena un nuevo single de cuarteto con un artista internacional"}]},{"@type":"WebSite","@id":"https:\/\/cadenacentropopular.com\/#website","url":"https:\/\/cadenacentropopular.com\/","name":"CADENA CENTRO POPULAR","description":"","publisher":{"@id":"https:\/\/cadenacentropopular.com\/#organization"},"potentialAction":[{"@type":"SearchAction","target":{"@type":"EntryPoint","urlTemplate":"https:\/\/cadenacentropopular.com\/?s={search_term_string}"},"query-input":"required name=search_term_string"}],"inLanguage":"en-US"},{"@type":"Organization","@id":"https:\/\/cadenacentropopular.com\/#organization","name":"CADENA CENTRO POPULAR","url":"https:\/\/cadenacentropopular.com\/","logo":{"@type":"ImageObject","inLanguage":"en-US","@id":"https:\/\/cadenacentropopular.com\/#\/schema\/logo\/image\/","url":"http:\/\/cadenacentropopular.com\/wp-content\/uploads\/2022\/04\/portada.png","contentUrl":"http:\/\/cadenacentropopular.com\/wp-content\/uploads\/2022\/04\/portada.png","width":5317,"height":1962,"caption":"CADENA CENTRO POPULAR"},"image":{"@id":"https:\/\/cadenacentropopular.com\/#\/schema\/logo\/image\/"},"sameAs":["https:\/\/www.facebook.com\/cadenacentropopular","https:\/\/www.instagram.com\/ccentropopular\/"]},{"@type":"Person","@id":"https:\/\/cadenacentropopular.com\/#\/schema\/person\/0729df060fc8b84f539c0129cc09e4ad","name":"CcentroPopular","image":{"@type":"ImageObject","inLanguage":"en-US","@id":"https:\/\/cadenacentropopular.com\/#\/schema\/person\/image\/","url":"https:\/\/secure.gravatar.com\/avatar\/e3f77d046163f2c4e6977af93d588471?s=96&d=mm&r=g","contentUrl":"https:\/\/secure.gravatar.com\/avatar\/e3f77d046163f2c4e6977af93d588471?s=96&d=mm&r=g","caption":"CcentroPopular"},"sameAs":["http:\/\/cadenacentropopular.com"],"url":"https:\/\/cadenacentropopular.com\/index.php\/author\/maguiz\/"}]}},"_links":{"self":[{"href":"https:\/\/cadenacentropopular.com\/index.php\/wp-json\/wp\/v2\/posts\/389"}],"collection":[{"href":"https:\/\/cadenacentropopular.com\/index.php\/wp-json\/wp\/v2\/posts"}],"about":[{"href":"https:\/\/cadenacentropopular.com\/index.php\/wp-json\/wp\/v2\/types\/post"}],"author":[{"embeddable":true,"href":"https:\/\/cadenacentropopular.com\/index.php\/wp-json\/wp\/v2\/users\/1"}],"replies":[{"embeddable":true,"href":"https:\/\/cadenacentropopular.com\/index.php\/wp-json\/wp\/v2\/comments?post=389"}],"version-history":[{"count":1,"href":"https:\/\/cadenacentropopular.com\/index.php\/wp-json\/wp\/v2\/posts\/389\/revisions"}],"predecessor-version":[{"id":391,"href":"https:\/\/cadenacentropopular.com\/index.php\/wp-json\/wp\/v2\/posts\/389\/revisions\/391"}],"wp:featuredmedia":[{"embeddable":true,"href":"https:\/\/cadenacentropopular.com\/index.php\/wp-json\/wp\/v2\/media\/390"}],"wp:attachment":[{"href":"https:\/\/cadenacentropopular.com\/index.php\/wp-json\/wp\/v2\/media?parent=389"}],"wp:term":[{"taxonomy":"category","embeddable":true,"href":"https:\/\/cadenacentropopular.com\/index.php\/wp-json\/wp\/v2\/categories?post=389"},{"taxonomy":"post_tag","embeddable":true,"href":"https:\/\/cadenacentropopular.com\/index.php\/wp-json\/wp\/v2\/tags?post=389"}],"curies":[{"name":"wp","href":"https:\/\/api.w.org\/{rel}","templated":true}]}}