{"id":314,"date":"2022-12-05T22:44:19","date_gmt":"2022-12-05T22:44:19","guid":{"rendered":"https:\/\/cadenacentropopular.com\/?p=314"},"modified":"2022-12-05T22:44:19","modified_gmt":"2022-12-05T22:44:19","slug":"magui-olave-y-dale-q-va-juntos-en-un-nuevo-feat","status":"publish","type":"post","link":"https:\/\/cadenacentropopular.com\/index.php\/2022\/12\/05\/magui-olave-y-dale-q-va-juntos-en-un-nuevo-feat\/","title":{"rendered":"Magui Olave y Dale Q&#8217; Va juntos en un nuevo feat"},"content":{"rendered":"<p>La voz femenina del cuarteto estren\u00f3 videoclip acompa\u00f1ada de Neno Aguirre.<\/p>\n<p>Magui Olave es una de las referentes del cuarteto femenino y contin\u00faa actualizando su repertorio. La cantante acaba de lanzar su nuevo videoclip acompa\u00f1ada de Neno Aguirre, vocalista de Dale Q&#8217; Va.<\/p>\n<p>El trabajo se titula <em>No te das cuenta<\/em> y se encuentra disponible en todas las plataformas digitales para disfrutar en calidad 4K.<\/p>\n<p><iframe title=\"YouTube video player\" src=\"https:\/\/www.youtube.com\/embed\/nz_V8irr8LQ\" width=\"560\" height=\"315\" frameborder=\"0\" allowfullscreen=\"allowfullscreen\"><\/iframe><\/p>\n<p>En junio de este a\u00f1o ambos cantantes compartieron una foto en sus redes sociales adelantando que preparaban un nuevo tema juntos. Los fan\u00e1ticos de ambos artistas se expresaron ansiosos aguardando el estreno cuartetero.<\/p>\n<p>Magui apuesta por canciones in\u00e9ditas en su repertorio como tambi\u00e9n colaboraciones con colegas cuarteteros. D\u00edas atr\u00e1s particip\u00f3 del nuevo videoclip de Gast\u00f3n Fern\u00e1ndez interpretando Demolici\u00f3n a d\u00fao con el cantante.<\/p>\n<p>&nbsp;<\/p>\n<p>Fuente: Cuarteteando &#8211; eldoce.tv<\/p>\n","protected":false},"excerpt":{"rendered":"<p>La voz femenina del cuarteto estren\u00f3 videoclip acompa\u00f1ada de Neno Aguirre. Magui Olave es una de las referentes del cuarteto femenino y contin\u00faa actualizando su repertorio. La cantante acaba de lanzar su nuevo videoclip acompa\u00f1ada de Neno Aguirre, vocalista de Dale Q&#8217; Va. El trabajo se titula No te das cuenta y se encuentra disponible&#8230;<\/p>\n","protected":false},"author":1,"featured_media":315,"comment_status":"open","ping_status":"open","sticky":false,"template":"","format":"standard","meta":{"_monsterinsights_skip_tracking":false,"_monsterinsights_sitenote_active":false,"_monsterinsights_sitenote_note":"","_monsterinsights_sitenote_category":0,"_kad_post_transparent":"default","_kad_post_title":"default","_kad_post_layout":"default","_kad_post_sidebar_id":"","_kad_post_content_style":"default","_kad_post_vertical_padding":"default","_kad_post_feature":"","_kad_post_feature_position":"","_kad_post_header":false,"_kad_post_footer":false,"footnotes":""},"categories":[9],"tags":[11,73,12],"yoast_head":"<!-- This site is optimized with the Yoast SEO plugin v23.3 - https:\/\/yoast.com\/wordpress\/plugins\/seo\/ -->\n<title>Magui Olave y Dale Q&#039; Va juntos en un nuevo feat - CADENA CENTRO POPULAR<\/title>\n<meta name=\"description\" content=\"La voz femenina del cuarteto estren\u00f3 videoclip acompa\u00f1ada de Neno Aguirre.\" \/>\n<meta name=\"robots\" content=\"index, follow, max-snippet:-1, max-image-preview:large, max-video-preview:-1\" \/>\n<link rel=\"canonical\" href=\"https:\/\/cadenacentropopular.com\/index.php\/2022\/12\/05\/magui-olave-y-dale-q-va-juntos-en-un-nuevo-feat\/\" \/>\n<meta property=\"og:locale\" content=\"en_US\" \/>\n<meta property=\"og:type\" content=\"article\" \/>\n<meta property=\"og:title\" content=\"Magui Olave y Dale Q&#039; Va juntos en un nuevo feat - CADENA CENTRO POPULAR\" \/>\n<meta property=\"og:description\" content=\"La voz femenina del cuarteto estren\u00f3 videoclip acompa\u00f1ada de Neno Aguirre.\" \/>\n<meta property=\"og:url\" content=\"https:\/\/cadenacentropopular.com\/index.php\/2022\/12\/05\/magui-olave-y-dale-q-va-juntos-en-un-nuevo-feat\/\" \/>\n<meta property=\"og:site_name\" content=\"CADENA CENTRO POPULAR\" \/>\n<meta property=\"article:publisher\" content=\"https:\/\/www.facebook.com\/cadenacentropopular\" \/>\n<meta property=\"article:published_time\" content=\"2022-12-05T22:44:19+00:00\" \/>\n<meta property=\"og:image\" content=\"http:\/\/cadenacentropopular.com\/wp-content\/uploads\/2022\/12\/magui-olave-neno-aguirre.jpeg\" \/>\n\t<meta property=\"og:image:width\" content=\"791\" \/>\n\t<meta property=\"og:image:height\" content=\"445\" \/>\n\t<meta property=\"og:image:type\" content=\"image\/jpeg\" \/>\n<meta name=\"author\" content=\"CcentroPopular\" \/>\n<meta name=\"twitter:card\" content=\"summary_large_image\" \/>\n<meta name=\"twitter:label1\" content=\"Written by\" \/>\n\t<meta name=\"twitter:data1\" content=\"CcentroPopular\" \/>\n\t<meta name=\"twitter:label2\" content=\"Est. reading time\" \/>\n\t<meta name=\"twitter:data2\" content=\"1 minute\" \/>\n<script type=\"application\/ld+json\" class=\"yoast-schema-graph\">{\"@context\":\"https:\/\/schema.org\",\"@graph\":[{\"@type\":\"Article\",\"@id\":\"https:\/\/cadenacentropopular.com\/index.php\/2022\/12\/05\/magui-olave-y-dale-q-va-juntos-en-un-nuevo-feat\/#article\",\"isPartOf\":{\"@id\":\"https:\/\/cadenacentropopular.com\/index.php\/2022\/12\/05\/magui-olave-y-dale-q-va-juntos-en-un-nuevo-feat\/\"},\"author\":{\"name\":\"CcentroPopular\",\"@id\":\"https:\/\/cadenacentropopular.com\/#\/schema\/person\/0729df060fc8b84f539c0129cc09e4ad\"},\"headline\":\"Magui Olave y Dale Q&#8217; Va juntos en un nuevo feat\",\"datePublished\":\"2022-12-05T22:44:19+00:00\",\"dateModified\":\"2022-12-05T22:44:19+00:00\",\"mainEntityOfPage\":{\"@id\":\"https:\/\/cadenacentropopular.com\/index.php\/2022\/12\/05\/magui-olave-y-dale-q-va-juntos-en-un-nuevo-feat\/\"},\"wordCount\":158,\"commentCount\":0,\"publisher\":{\"@id\":\"https:\/\/cadenacentropopular.com\/#organization\"},\"image\":{\"@id\":\"https:\/\/cadenacentropopular.com\/index.php\/2022\/12\/05\/magui-olave-y-dale-q-va-juntos-en-un-nuevo-feat\/#primaryimage\"},\"thumbnailUrl\":\"https:\/\/cadenacentropopular.com\/wp-content\/uploads\/2022\/12\/magui-olave-neno-aguirre.jpeg\",\"keywords\":[\"dale q va\",\"magui olave\",\"neno aguirre\"],\"articleSection\":[\"cuarteto\"],\"inLanguage\":\"en-US\",\"potentialAction\":[{\"@type\":\"CommentAction\",\"name\":\"Comment\",\"target\":[\"https:\/\/cadenacentropopular.com\/index.php\/2022\/12\/05\/magui-olave-y-dale-q-va-juntos-en-un-nuevo-feat\/#respond\"]}]},{\"@type\":\"WebPage\",\"@id\":\"https:\/\/cadenacentropopular.com\/index.php\/2022\/12\/05\/magui-olave-y-dale-q-va-juntos-en-un-nuevo-feat\/\",\"url\":\"https:\/\/cadenacentropopular.com\/index.php\/2022\/12\/05\/magui-olave-y-dale-q-va-juntos-en-un-nuevo-feat\/\",\"name\":\"Magui Olave y Dale Q' Va juntos en un nuevo feat - CADENA CENTRO POPULAR\",\"isPartOf\":{\"@id\":\"https:\/\/cadenacentropopular.com\/#website\"},\"primaryImageOfPage\":{\"@id\":\"https:\/\/cadenacentropopular.com\/index.php\/2022\/12\/05\/magui-olave-y-dale-q-va-juntos-en-un-nuevo-feat\/#primaryimage\"},\"image\":{\"@id\":\"https:\/\/cadenacentropopular.com\/index.php\/2022\/12\/05\/magui-olave-y-dale-q-va-juntos-en-un-nuevo-feat\/#primaryimage\"},\"thumbnailUrl\":\"https:\/\/cadenacentropopular.com\/wp-content\/uploads\/2022\/12\/magui-olave-neno-aguirre.jpeg\",\"datePublished\":\"2022-12-05T22:44:19+00:00\",\"dateModified\":\"2022-12-05T22:44:19+00:00\",\"description\":\"La voz femenina del cuarteto estren\u00f3 videoclip acompa\u00f1ada de Neno Aguirre.\",\"breadcrumb\":{\"@id\":\"https:\/\/cadenacentropopular.com\/index.php\/2022\/12\/05\/magui-olave-y-dale-q-va-juntos-en-un-nuevo-feat\/#breadcrumb\"},\"inLanguage\":\"en-US\",\"potentialAction\":[{\"@type\":\"ReadAction\",\"target\":[\"https:\/\/cadenacentropopular.com\/index.php\/2022\/12\/05\/magui-olave-y-dale-q-va-juntos-en-un-nuevo-feat\/\"]}]},{\"@type\":\"ImageObject\",\"inLanguage\":\"en-US\",\"@id\":\"https:\/\/cadenacentropopular.com\/index.php\/2022\/12\/05\/magui-olave-y-dale-q-va-juntos-en-un-nuevo-feat\/#primaryimage\",\"url\":\"https:\/\/cadenacentropopular.com\/wp-content\/uploads\/2022\/12\/magui-olave-neno-aguirre.jpeg\",\"contentUrl\":\"https:\/\/cadenacentropopular.com\/wp-content\/uploads\/2022\/12\/magui-olave-neno-aguirre.jpeg\",\"width\":791,\"height\":445},{\"@type\":\"BreadcrumbList\",\"@id\":\"https:\/\/cadenacentropopular.com\/index.php\/2022\/12\/05\/magui-olave-y-dale-q-va-juntos-en-un-nuevo-feat\/#breadcrumb\",\"itemListElement\":[{\"@type\":\"ListItem\",\"position\":1,\"name\":\"Home\",\"item\":\"https:\/\/cadenacentropopular.com\/\"},{\"@type\":\"ListItem\",\"position\":2,\"name\":\"Magui Olave y Dale Q&#8217; Va juntos en un nuevo feat\"}]},{\"@type\":\"WebSite\",\"@id\":\"https:\/\/cadenacentropopular.com\/#website\",\"url\":\"https:\/\/cadenacentropopular.com\/\",\"name\":\"CADENA CENTRO POPULAR\",\"description\":\"\",\"publisher\":{\"@id\":\"https:\/\/cadenacentropopular.com\/#organization\"},\"potentialAction\":[{\"@type\":\"SearchAction\",\"target\":{\"@type\":\"EntryPoint\",\"urlTemplate\":\"https:\/\/cadenacentropopular.com\/?s={search_term_string}\"},\"query-input\":\"required name=search_term_string\"}],\"inLanguage\":\"en-US\"},{\"@type\":\"Organization\",\"@id\":\"https:\/\/cadenacentropopular.com\/#organization\",\"name\":\"CADENA CENTRO POPULAR\",\"url\":\"https:\/\/cadenacentropopular.com\/\",\"logo\":{\"@type\":\"ImageObject\",\"inLanguage\":\"en-US\",\"@id\":\"https:\/\/cadenacentropopular.com\/#\/schema\/logo\/image\/\",\"url\":\"http:\/\/cadenacentropopular.com\/wp-content\/uploads\/2022\/04\/portada.png\",\"contentUrl\":\"http:\/\/cadenacentropopular.com\/wp-content\/uploads\/2022\/04\/portada.png\",\"width\":5317,\"height\":1962,\"caption\":\"CADENA CENTRO POPULAR\"},\"image\":{\"@id\":\"https:\/\/cadenacentropopular.com\/#\/schema\/logo\/image\/\"},\"sameAs\":[\"https:\/\/www.facebook.com\/cadenacentropopular\",\"https:\/\/www.instagram.com\/ccentropopular\/\"]},{\"@type\":\"Person\",\"@id\":\"https:\/\/cadenacentropopular.com\/#\/schema\/person\/0729df060fc8b84f539c0129cc09e4ad\",\"name\":\"CcentroPopular\",\"image\":{\"@type\":\"ImageObject\",\"inLanguage\":\"en-US\",\"@id\":\"https:\/\/cadenacentropopular.com\/#\/schema\/person\/image\/\",\"url\":\"https:\/\/secure.gravatar.com\/avatar\/e3f77d046163f2c4e6977af93d588471?s=96&d=mm&r=g\",\"contentUrl\":\"https:\/\/secure.gravatar.com\/avatar\/e3f77d046163f2c4e6977af93d588471?s=96&d=mm&r=g\",\"caption\":\"CcentroPopular\"},\"sameAs\":[\"http:\/\/cadenacentropopular.com\"],\"url\":\"https:\/\/cadenacentropopular.com\/index.php\/author\/maguiz\/\"}]}<\/script>\n<!-- \/ Yoast SEO plugin. -->","yoast_head_json":{"title":"Magui Olave y Dale Q' Va juntos en un nuevo feat - CADENA CENTRO POPULAR","description":"La voz femenina del cuarteto estren\u00f3 videoclip acompa\u00f1ada de Neno Aguirre.","robots":{"index":"index","follow":"follow","max-snippet":"max-snippet:-1","max-image-preview":"max-image-preview:large","max-video-preview":"max-video-preview:-1"},"canonical":"https:\/\/cadenacentropopular.com\/index.php\/2022\/12\/05\/magui-olave-y-dale-q-va-juntos-en-un-nuevo-feat\/","og_locale":"en_US","og_type":"article","og_title":"Magui Olave y Dale Q' Va juntos en un nuevo feat - CADENA CENTRO POPULAR","og_description":"La voz femenina del cuarteto estren\u00f3 videoclip acompa\u00f1ada de Neno Aguirre.","og_url":"https:\/\/cadenacentropopular.com\/index.php\/2022\/12\/05\/magui-olave-y-dale-q-va-juntos-en-un-nuevo-feat\/","og_site_name":"CADENA CENTRO POPULAR","article_publisher":"https:\/\/www.facebook.com\/cadenacentropopular","article_published_time":"2022-12-05T22:44:19+00:00","og_image":[{"width":791,"height":445,"url":"http:\/\/cadenacentropopular.com\/wp-content\/uploads\/2022\/12\/magui-olave-neno-aguirre.jpeg","type":"image\/jpeg"}],"author":"CcentroPopular","twitter_card":"summary_large_image","twitter_misc":{"Written by":"CcentroPopular","Est. reading time":"1 minute"},"schema":{"@context":"https:\/\/schema.org","@graph":[{"@type":"Article","@id":"https:\/\/cadenacentropopular.com\/index.php\/2022\/12\/05\/magui-olave-y-dale-q-va-juntos-en-un-nuevo-feat\/#article","isPartOf":{"@id":"https:\/\/cadenacentropopular.com\/index.php\/2022\/12\/05\/magui-olave-y-dale-q-va-juntos-en-un-nuevo-feat\/"},"author":{"name":"CcentroPopular","@id":"https:\/\/cadenacentropopular.com\/#\/schema\/person\/0729df060fc8b84f539c0129cc09e4ad"},"headline":"Magui Olave y Dale Q&#8217; Va juntos en un nuevo feat","datePublished":"2022-12-05T22:44:19+00:00","dateModified":"2022-12-05T22:44:19+00:00","mainEntityOfPage":{"@id":"https:\/\/cadenacentropopular.com\/index.php\/2022\/12\/05\/magui-olave-y-dale-q-va-juntos-en-un-nuevo-feat\/"},"wordCount":158,"commentCount":0,"publisher":{"@id":"https:\/\/cadenacentropopular.com\/#organization"},"image":{"@id":"https:\/\/cadenacentropopular.com\/index.php\/2022\/12\/05\/magui-olave-y-dale-q-va-juntos-en-un-nuevo-feat\/#primaryimage"},"thumbnailUrl":"https:\/\/cadenacentropopular.com\/wp-content\/uploads\/2022\/12\/magui-olave-neno-aguirre.jpeg","keywords":["dale q va","magui olave","neno aguirre"],"articleSection":["cuarteto"],"inLanguage":"en-US","potentialAction":[{"@type":"CommentAction","name":"Comment","target":["https:\/\/cadenacentropopular.com\/index.php\/2022\/12\/05\/magui-olave-y-dale-q-va-juntos-en-un-nuevo-feat\/#respond"]}]},{"@type":"WebPage","@id":"https:\/\/cadenacentropopular.com\/index.php\/2022\/12\/05\/magui-olave-y-dale-q-va-juntos-en-un-nuevo-feat\/","url":"https:\/\/cadenacentropopular.com\/index.php\/2022\/12\/05\/magui-olave-y-dale-q-va-juntos-en-un-nuevo-feat\/","name":"Magui Olave y Dale Q' Va juntos en un nuevo feat - CADENA CENTRO POPULAR","isPartOf":{"@id":"https:\/\/cadenacentropopular.com\/#website"},"primaryImageOfPage":{"@id":"https:\/\/cadenacentropopular.com\/index.php\/2022\/12\/05\/magui-olave-y-dale-q-va-juntos-en-un-nuevo-feat\/#primaryimage"},"image":{"@id":"https:\/\/cadenacentropopular.com\/index.php\/2022\/12\/05\/magui-olave-y-dale-q-va-juntos-en-un-nuevo-feat\/#primaryimage"},"thumbnailUrl":"https:\/\/cadenacentropopular.com\/wp-content\/uploads\/2022\/12\/magui-olave-neno-aguirre.jpeg","datePublished":"2022-12-05T22:44:19+00:00","dateModified":"2022-12-05T22:44:19+00:00","description":"La voz femenina del cuarteto estren\u00f3 videoclip acompa\u00f1ada de Neno Aguirre.","breadcrumb":{"@id":"https:\/\/cadenacentropopular.com\/index.php\/2022\/12\/05\/magui-olave-y-dale-q-va-juntos-en-un-nuevo-feat\/#breadcrumb"},"inLanguage":"en-US","potentialAction":[{"@type":"ReadAction","target":["https:\/\/cadenacentropopular.com\/index.php\/2022\/12\/05\/magui-olave-y-dale-q-va-juntos-en-un-nuevo-feat\/"]}]},{"@type":"ImageObject","inLanguage":"en-US","@id":"https:\/\/cadenacentropopular.com\/index.php\/2022\/12\/05\/magui-olave-y-dale-q-va-juntos-en-un-nuevo-feat\/#primaryimage","url":"https:\/\/cadenacentropopular.com\/wp-content\/uploads\/2022\/12\/magui-olave-neno-aguirre.jpeg","contentUrl":"https:\/\/cadenacentropopular.com\/wp-content\/uploads\/2022\/12\/magui-olave-neno-aguirre.jpeg","width":791,"height":445},{"@type":"BreadcrumbList","@id":"https:\/\/cadenacentropopular.com\/index.php\/2022\/12\/05\/magui-olave-y-dale-q-va-juntos-en-un-nuevo-feat\/#breadcrumb","itemListElement":[{"@type":"ListItem","position":1,"name":"Home","item":"https:\/\/cadenacentropopular.com\/"},{"@type":"ListItem","position":2,"name":"Magui Olave y Dale Q&#8217; Va juntos en un nuevo feat"}]},{"@type":"WebSite","@id":"https:\/\/cadenacentropopular.com\/#website","url":"https:\/\/cadenacentropopular.com\/","name":"CADENA CENTRO POPULAR","description":"","publisher":{"@id":"https:\/\/cadenacentropopular.com\/#organization"},"potentialAction":[{"@type":"SearchAction","target":{"@type":"EntryPoint","urlTemplate":"https:\/\/cadenacentropopular.com\/?s={search_term_string}"},"query-input":"required name=search_term_string"}],"inLanguage":"en-US"},{"@type":"Organization","@id":"https:\/\/cadenacentropopular.com\/#organization","name":"CADENA CENTRO POPULAR","url":"https:\/\/cadenacentropopular.com\/","logo":{"@type":"ImageObject","inLanguage":"en-US","@id":"https:\/\/cadenacentropopular.com\/#\/schema\/logo\/image\/","url":"http:\/\/cadenacentropopular.com\/wp-content\/uploads\/2022\/04\/portada.png","contentUrl":"http:\/\/cadenacentropopular.com\/wp-content\/uploads\/2022\/04\/portada.png","width":5317,"height":1962,"caption":"CADENA CENTRO POPULAR"},"image":{"@id":"https:\/\/cadenacentropopular.com\/#\/schema\/logo\/image\/"},"sameAs":["https:\/\/www.facebook.com\/cadenacentropopular","https:\/\/www.instagram.com\/ccentropopular\/"]},{"@type":"Person","@id":"https:\/\/cadenacentropopular.com\/#\/schema\/person\/0729df060fc8b84f539c0129cc09e4ad","name":"CcentroPopular","image":{"@type":"ImageObject","inLanguage":"en-US","@id":"https:\/\/cadenacentropopular.com\/#\/schema\/person\/image\/","url":"https:\/\/secure.gravatar.com\/avatar\/e3f77d046163f2c4e6977af93d588471?s=96&d=mm&r=g","contentUrl":"https:\/\/secure.gravatar.com\/avatar\/e3f77d046163f2c4e6977af93d588471?s=96&d=mm&r=g","caption":"CcentroPopular"},"sameAs":["http:\/\/cadenacentropopular.com"],"url":"https:\/\/cadenacentropopular.com\/index.php\/author\/maguiz\/"}]}},"_links":{"self":[{"href":"https:\/\/cadenacentropopular.com\/index.php\/wp-json\/wp\/v2\/posts\/314"}],"collection":[{"href":"https:\/\/cadenacentropopular.com\/index.php\/wp-json\/wp\/v2\/posts"}],"about":[{"href":"https:\/\/cadenacentropopular.com\/index.php\/wp-json\/wp\/v2\/types\/post"}],"author":[{"embeddable":true,"href":"https:\/\/cadenacentropopular.com\/index.php\/wp-json\/wp\/v2\/users\/1"}],"replies":[{"embeddable":true,"href":"https:\/\/cadenacentropopular.com\/index.php\/wp-json\/wp\/v2\/comments?post=314"}],"version-history":[{"count":1,"href":"https:\/\/cadenacentropopular.com\/index.php\/wp-json\/wp\/v2\/posts\/314\/revisions"}],"predecessor-version":[{"id":316,"href":"https:\/\/cadenacentropopular.com\/index.php\/wp-json\/wp\/v2\/posts\/314\/revisions\/316"}],"wp:featuredmedia":[{"embeddable":true,"href":"https:\/\/cadenacentropopular.com\/index.php\/wp-json\/wp\/v2\/media\/315"}],"wp:attachment":[{"href":"https:\/\/cadenacentropopular.com\/index.php\/wp-json\/wp\/v2\/media?parent=314"}],"wp:term":[{"taxonomy":"category","embeddable":true,"href":"https:\/\/cadenacentropopular.com\/index.php\/wp-json\/wp\/v2\/categories?post=314"},{"taxonomy":"post_tag","embeddable":true,"href":"https:\/\/cadenacentropopular.com\/index.php\/wp-json\/wp\/v2\/tags?post=314"}],"curies":[{"name":"wp","href":"https:\/\/api.w.org\/{rel}","templated":true}]}}