{"id":285,"date":"2022-08-30T13:46:38","date_gmt":"2022-08-30T13:46:38","guid":{"rendered":"https:\/\/cadenacentropopular.com\/?p=285"},"modified":"2022-08-30T13:46:38","modified_gmt":"2022-08-30T13:46:38","slug":"elo-quinteros-confirmo-la-separacion-con-damian-cordoba","status":"publish","type":"post","link":"https:\/\/cadenacentropopular.com\/index.php\/2022\/08\/30\/elo-quinteros-confirmo-la-separacion-con-damian-cordoba\/","title":{"rendered":"Elo Quinteros confirm\u00f3 la separaci\u00f3n con Dami\u00e1n C\u00f3rdoba"},"content":{"rendered":"<p>La empresaria de moda lo revel\u00f3 a Cuarteteando. La ruptura fue de com\u00fan acuerdo y se dio hace aproximadamente dos meses.<\/p>\n<p>Lo que era un rumor en el mundo del cuarteto, finalmente se confirm\u00f3: Dami\u00e1n C\u00f3rdoba y Elo Quinteros se separaron. La ruptura de la relaci\u00f3n se dio aproximadamente hace dos meses. Seg\u00fan las palabras de la conductora de <em>Me la Juego<\/em>, la decisi\u00f3n &#8220;fue de com\u00fan acuerdo&#8221;.<\/p>\n<p>En di\u00e1logo con <em>Cuarteteando<\/em>, la oriunda de la localidad santafesina de Colonia Aldao revel\u00f3 que el final del v\u00ednculo amoroso se concret\u00f3 &#8220;despu\u00e9s de un proceso que se ven\u00eda dando hace un tiempo&#8221;. Cabe destacar que el cantante y la asesora de imagen se hab\u00edan ido de vacaciones a Punta Cana hace poco menos de dos meses.<\/p>\n<p>Seg\u00fan las palabras de Quinteros, hay buena relaci\u00f3n entre las partes. &#8220;No pas\u00f3 nada puntual. Hay mucho cari\u00f1o y seguimos en contacto por M\u00e1ximo&#8221;, agreg\u00f3. Adem\u00e1s, explic\u00f3 que est\u00e1 enfocada en su trabajo con su marca de ropa y el programa de los s\u00e1bados en <em>El Doce.<\/em>\u00a0Por \u00faltimo, aclar\u00f3 que ya no viven juntos.<\/p>\n<p>Dami\u00e1n y Elo se hab\u00edan conocido en 2014 en un baile del artista en la localidad de Morteros. Se pusieron de novios y en noviembre de 2018 se casaron. En julio de 2019 fueron padres de M\u00e1ximo, que naci\u00f3 prematuro y pudo salir adelante.<\/p>\n<p>Fuente: eldoce.tv\/cuarteteando<\/p>\n","protected":false},"excerpt":{"rendered":"<p>La empresaria de moda lo revel\u00f3 a Cuarteteando. La ruptura fue de com\u00fan acuerdo y se dio hace aproximadamente dos meses. Lo que era un rumor en el mundo del cuarteto, finalmente se confirm\u00f3: Dami\u00e1n C\u00f3rdoba y Elo Quinteros se separaron. La ruptura de la relaci\u00f3n se dio aproximadamente hace dos meses. Seg\u00fan las palabras&#8230;<\/p>\n","protected":false},"author":1,"featured_media":286,"comment_status":"open","ping_status":"open","sticky":false,"template":"","format":"standard","meta":{"_monsterinsights_skip_tracking":false,"_monsterinsights_sitenote_active":false,"_monsterinsights_sitenote_note":"","_monsterinsights_sitenote_category":0,"_kad_post_transparent":"default","_kad_post_title":"default","_kad_post_layout":"default","_kad_post_sidebar_id":"","_kad_post_content_style":"default","_kad_post_vertical_padding":"default","_kad_post_feature":"","_kad_post_feature_position":"","_kad_post_header":false,"_kad_post_footer":false,"footnotes":""},"categories":[9],"tags":[16,84,85,86],"yoast_head":"<!-- This site is optimized with the Yoast SEO plugin v23.3 - https:\/\/yoast.com\/wordpress\/plugins\/seo\/ -->\n<title>Elo Quinteros confirm\u00f3 la separaci\u00f3n con Dami\u00e1n C\u00f3rdoba - CADENA CENTRO POPULAR<\/title>\n<meta name=\"description\" content=\"La empresaria de moda lo revel\u00f3 a Cuarteteando. La ruptura fue de com\u00fan acuerdo y se dio hace aproximadamente dos meses.\" \/>\n<meta name=\"robots\" content=\"index, follow, max-snippet:-1, max-image-preview:large, max-video-preview:-1\" \/>\n<link rel=\"canonical\" href=\"https:\/\/cadenacentropopular.com\/index.php\/2022\/08\/30\/elo-quinteros-confirmo-la-separacion-con-damian-cordoba\/\" \/>\n<meta property=\"og:locale\" content=\"en_US\" \/>\n<meta property=\"og:type\" content=\"article\" \/>\n<meta property=\"og:title\" content=\"Elo Quinteros confirm\u00f3 la separaci\u00f3n con Dami\u00e1n C\u00f3rdoba - CADENA CENTRO POPULAR\" \/>\n<meta property=\"og:description\" content=\"La empresaria de moda lo revel\u00f3 a Cuarteteando. La ruptura fue de com\u00fan acuerdo y se dio hace aproximadamente dos meses.\" \/>\n<meta property=\"og:url\" content=\"https:\/\/cadenacentropopular.com\/index.php\/2022\/08\/30\/elo-quinteros-confirmo-la-separacion-con-damian-cordoba\/\" \/>\n<meta property=\"og:site_name\" content=\"CADENA CENTRO POPULAR\" \/>\n<meta property=\"article:publisher\" content=\"https:\/\/www.facebook.com\/cadenacentropopular\" \/>\n<meta property=\"article:published_time\" content=\"2022-08-30T13:46:38+00:00\" \/>\n<meta property=\"og:image\" content=\"http:\/\/cadenacentropopular.com\/wp-content\/uploads\/2022\/08\/damian-cordoba-elo-quinteros.jpg\" \/>\n\t<meta property=\"og:image:width\" content=\"791\" \/>\n\t<meta property=\"og:image:height\" content=\"445\" \/>\n\t<meta property=\"og:image:type\" content=\"image\/jpeg\" \/>\n<meta name=\"author\" content=\"CcentroPopular\" \/>\n<meta name=\"twitter:card\" content=\"summary_large_image\" \/>\n<meta name=\"twitter:label1\" content=\"Written by\" \/>\n\t<meta name=\"twitter:data1\" content=\"CcentroPopular\" \/>\n\t<meta name=\"twitter:label2\" content=\"Est. reading time\" \/>\n\t<meta name=\"twitter:data2\" content=\"1 minute\" \/>\n<script type=\"application\/ld+json\" class=\"yoast-schema-graph\">{\"@context\":\"https:\/\/schema.org\",\"@graph\":[{\"@type\":\"Article\",\"@id\":\"https:\/\/cadenacentropopular.com\/index.php\/2022\/08\/30\/elo-quinteros-confirmo-la-separacion-con-damian-cordoba\/#article\",\"isPartOf\":{\"@id\":\"https:\/\/cadenacentropopular.com\/index.php\/2022\/08\/30\/elo-quinteros-confirmo-la-separacion-con-damian-cordoba\/\"},\"author\":{\"name\":\"CcentroPopular\",\"@id\":\"https:\/\/cadenacentropopular.com\/#\/schema\/person\/0729df060fc8b84f539c0129cc09e4ad\"},\"headline\":\"Elo Quinteros confirm\u00f3 la separaci\u00f3n con Dami\u00e1n C\u00f3rdoba\",\"datePublished\":\"2022-08-30T13:46:38+00:00\",\"dateModified\":\"2022-08-30T13:46:38+00:00\",\"mainEntityOfPage\":{\"@id\":\"https:\/\/cadenacentropopular.com\/index.php\/2022\/08\/30\/elo-quinteros-confirmo-la-separacion-con-damian-cordoba\/\"},\"wordCount\":257,\"commentCount\":0,\"publisher\":{\"@id\":\"https:\/\/cadenacentropopular.com\/#organization\"},\"image\":{\"@id\":\"https:\/\/cadenacentropopular.com\/index.php\/2022\/08\/30\/elo-quinteros-confirmo-la-separacion-con-damian-cordoba\/#primaryimage\"},\"thumbnailUrl\":\"https:\/\/cadenacentropopular.com\/wp-content\/uploads\/2022\/08\/damian-cordoba-elo-quinteros.jpg\",\"keywords\":[\"cadena centro popular\",\"damian cordoba\",\"elo quinteros\",\"separaci\u00f3n\"],\"articleSection\":[\"cuarteto\"],\"inLanguage\":\"en-US\",\"potentialAction\":[{\"@type\":\"CommentAction\",\"name\":\"Comment\",\"target\":[\"https:\/\/cadenacentropopular.com\/index.php\/2022\/08\/30\/elo-quinteros-confirmo-la-separacion-con-damian-cordoba\/#respond\"]}]},{\"@type\":\"WebPage\",\"@id\":\"https:\/\/cadenacentropopular.com\/index.php\/2022\/08\/30\/elo-quinteros-confirmo-la-separacion-con-damian-cordoba\/\",\"url\":\"https:\/\/cadenacentropopular.com\/index.php\/2022\/08\/30\/elo-quinteros-confirmo-la-separacion-con-damian-cordoba\/\",\"name\":\"Elo Quinteros confirm\u00f3 la separaci\u00f3n con Dami\u00e1n C\u00f3rdoba - CADENA CENTRO POPULAR\",\"isPartOf\":{\"@id\":\"https:\/\/cadenacentropopular.com\/#website\"},\"primaryImageOfPage\":{\"@id\":\"https:\/\/cadenacentropopular.com\/index.php\/2022\/08\/30\/elo-quinteros-confirmo-la-separacion-con-damian-cordoba\/#primaryimage\"},\"image\":{\"@id\":\"https:\/\/cadenacentropopular.com\/index.php\/2022\/08\/30\/elo-quinteros-confirmo-la-separacion-con-damian-cordoba\/#primaryimage\"},\"thumbnailUrl\":\"https:\/\/cadenacentropopular.com\/wp-content\/uploads\/2022\/08\/damian-cordoba-elo-quinteros.jpg\",\"datePublished\":\"2022-08-30T13:46:38+00:00\",\"dateModified\":\"2022-08-30T13:46:38+00:00\",\"description\":\"La empresaria de moda lo revel\u00f3 a Cuarteteando. La ruptura fue de com\u00fan acuerdo y se dio hace aproximadamente dos meses.\",\"breadcrumb\":{\"@id\":\"https:\/\/cadenacentropopular.com\/index.php\/2022\/08\/30\/elo-quinteros-confirmo-la-separacion-con-damian-cordoba\/#breadcrumb\"},\"inLanguage\":\"en-US\",\"potentialAction\":[{\"@type\":\"ReadAction\",\"target\":[\"https:\/\/cadenacentropopular.com\/index.php\/2022\/08\/30\/elo-quinteros-confirmo-la-separacion-con-damian-cordoba\/\"]}]},{\"@type\":\"ImageObject\",\"inLanguage\":\"en-US\",\"@id\":\"https:\/\/cadenacentropopular.com\/index.php\/2022\/08\/30\/elo-quinteros-confirmo-la-separacion-con-damian-cordoba\/#primaryimage\",\"url\":\"https:\/\/cadenacentropopular.com\/wp-content\/uploads\/2022\/08\/damian-cordoba-elo-quinteros.jpg\",\"contentUrl\":\"https:\/\/cadenacentropopular.com\/wp-content\/uploads\/2022\/08\/damian-cordoba-elo-quinteros.jpg\",\"width\":791,\"height\":445},{\"@type\":\"BreadcrumbList\",\"@id\":\"https:\/\/cadenacentropopular.com\/index.php\/2022\/08\/30\/elo-quinteros-confirmo-la-separacion-con-damian-cordoba\/#breadcrumb\",\"itemListElement\":[{\"@type\":\"ListItem\",\"position\":1,\"name\":\"Home\",\"item\":\"https:\/\/cadenacentropopular.com\/\"},{\"@type\":\"ListItem\",\"position\":2,\"name\":\"Elo Quinteros confirm\u00f3 la separaci\u00f3n con Dami\u00e1n C\u00f3rdoba\"}]},{\"@type\":\"WebSite\",\"@id\":\"https:\/\/cadenacentropopular.com\/#website\",\"url\":\"https:\/\/cadenacentropopular.com\/\",\"name\":\"CADENA CENTRO POPULAR\",\"description\":\"\",\"publisher\":{\"@id\":\"https:\/\/cadenacentropopular.com\/#organization\"},\"potentialAction\":[{\"@type\":\"SearchAction\",\"target\":{\"@type\":\"EntryPoint\",\"urlTemplate\":\"https:\/\/cadenacentropopular.com\/?s={search_term_string}\"},\"query-input\":\"required name=search_term_string\"}],\"inLanguage\":\"en-US\"},{\"@type\":\"Organization\",\"@id\":\"https:\/\/cadenacentropopular.com\/#organization\",\"name\":\"CADENA CENTRO POPULAR\",\"url\":\"https:\/\/cadenacentropopular.com\/\",\"logo\":{\"@type\":\"ImageObject\",\"inLanguage\":\"en-US\",\"@id\":\"https:\/\/cadenacentropopular.com\/#\/schema\/logo\/image\/\",\"url\":\"http:\/\/cadenacentropopular.com\/wp-content\/uploads\/2022\/04\/portada.png\",\"contentUrl\":\"http:\/\/cadenacentropopular.com\/wp-content\/uploads\/2022\/04\/portada.png\",\"width\":5317,\"height\":1962,\"caption\":\"CADENA CENTRO POPULAR\"},\"image\":{\"@id\":\"https:\/\/cadenacentropopular.com\/#\/schema\/logo\/image\/\"},\"sameAs\":[\"https:\/\/www.facebook.com\/cadenacentropopular\",\"https:\/\/www.instagram.com\/ccentropopular\/\"]},{\"@type\":\"Person\",\"@id\":\"https:\/\/cadenacentropopular.com\/#\/schema\/person\/0729df060fc8b84f539c0129cc09e4ad\",\"name\":\"CcentroPopular\",\"image\":{\"@type\":\"ImageObject\",\"inLanguage\":\"en-US\",\"@id\":\"https:\/\/cadenacentropopular.com\/#\/schema\/person\/image\/\",\"url\":\"https:\/\/secure.gravatar.com\/avatar\/e3f77d046163f2c4e6977af93d588471?s=96&d=mm&r=g\",\"contentUrl\":\"https:\/\/secure.gravatar.com\/avatar\/e3f77d046163f2c4e6977af93d588471?s=96&d=mm&r=g\",\"caption\":\"CcentroPopular\"},\"sameAs\":[\"http:\/\/cadenacentropopular.com\"],\"url\":\"https:\/\/cadenacentropopular.com\/index.php\/author\/maguiz\/\"}]}<\/script>\n<!-- \/ Yoast SEO plugin. -->","yoast_head_json":{"title":"Elo Quinteros confirm\u00f3 la separaci\u00f3n con Dami\u00e1n C\u00f3rdoba - CADENA CENTRO POPULAR","description":"La empresaria de moda lo revel\u00f3 a Cuarteteando. La ruptura fue de com\u00fan acuerdo y se dio hace aproximadamente dos meses.","robots":{"index":"index","follow":"follow","max-snippet":"max-snippet:-1","max-image-preview":"max-image-preview:large","max-video-preview":"max-video-preview:-1"},"canonical":"https:\/\/cadenacentropopular.com\/index.php\/2022\/08\/30\/elo-quinteros-confirmo-la-separacion-con-damian-cordoba\/","og_locale":"en_US","og_type":"article","og_title":"Elo Quinteros confirm\u00f3 la separaci\u00f3n con Dami\u00e1n C\u00f3rdoba - CADENA CENTRO POPULAR","og_description":"La empresaria de moda lo revel\u00f3 a Cuarteteando. La ruptura fue de com\u00fan acuerdo y se dio hace aproximadamente dos meses.","og_url":"https:\/\/cadenacentropopular.com\/index.php\/2022\/08\/30\/elo-quinteros-confirmo-la-separacion-con-damian-cordoba\/","og_site_name":"CADENA CENTRO POPULAR","article_publisher":"https:\/\/www.facebook.com\/cadenacentropopular","article_published_time":"2022-08-30T13:46:38+00:00","og_image":[{"width":791,"height":445,"url":"http:\/\/cadenacentropopular.com\/wp-content\/uploads\/2022\/08\/damian-cordoba-elo-quinteros.jpg","type":"image\/jpeg"}],"author":"CcentroPopular","twitter_card":"summary_large_image","twitter_misc":{"Written by":"CcentroPopular","Est. reading time":"1 minute"},"schema":{"@context":"https:\/\/schema.org","@graph":[{"@type":"Article","@id":"https:\/\/cadenacentropopular.com\/index.php\/2022\/08\/30\/elo-quinteros-confirmo-la-separacion-con-damian-cordoba\/#article","isPartOf":{"@id":"https:\/\/cadenacentropopular.com\/index.php\/2022\/08\/30\/elo-quinteros-confirmo-la-separacion-con-damian-cordoba\/"},"author":{"name":"CcentroPopular","@id":"https:\/\/cadenacentropopular.com\/#\/schema\/person\/0729df060fc8b84f539c0129cc09e4ad"},"headline":"Elo Quinteros confirm\u00f3 la separaci\u00f3n con Dami\u00e1n C\u00f3rdoba","datePublished":"2022-08-30T13:46:38+00:00","dateModified":"2022-08-30T13:46:38+00:00","mainEntityOfPage":{"@id":"https:\/\/cadenacentropopular.com\/index.php\/2022\/08\/30\/elo-quinteros-confirmo-la-separacion-con-damian-cordoba\/"},"wordCount":257,"commentCount":0,"publisher":{"@id":"https:\/\/cadenacentropopular.com\/#organization"},"image":{"@id":"https:\/\/cadenacentropopular.com\/index.php\/2022\/08\/30\/elo-quinteros-confirmo-la-separacion-con-damian-cordoba\/#primaryimage"},"thumbnailUrl":"https:\/\/cadenacentropopular.com\/wp-content\/uploads\/2022\/08\/damian-cordoba-elo-quinteros.jpg","keywords":["cadena centro popular","damian cordoba","elo quinteros","separaci\u00f3n"],"articleSection":["cuarteto"],"inLanguage":"en-US","potentialAction":[{"@type":"CommentAction","name":"Comment","target":["https:\/\/cadenacentropopular.com\/index.php\/2022\/08\/30\/elo-quinteros-confirmo-la-separacion-con-damian-cordoba\/#respond"]}]},{"@type":"WebPage","@id":"https:\/\/cadenacentropopular.com\/index.php\/2022\/08\/30\/elo-quinteros-confirmo-la-separacion-con-damian-cordoba\/","url":"https:\/\/cadenacentropopular.com\/index.php\/2022\/08\/30\/elo-quinteros-confirmo-la-separacion-con-damian-cordoba\/","name":"Elo Quinteros confirm\u00f3 la separaci\u00f3n con Dami\u00e1n C\u00f3rdoba - CADENA CENTRO POPULAR","isPartOf":{"@id":"https:\/\/cadenacentropopular.com\/#website"},"primaryImageOfPage":{"@id":"https:\/\/cadenacentropopular.com\/index.php\/2022\/08\/30\/elo-quinteros-confirmo-la-separacion-con-damian-cordoba\/#primaryimage"},"image":{"@id":"https:\/\/cadenacentropopular.com\/index.php\/2022\/08\/30\/elo-quinteros-confirmo-la-separacion-con-damian-cordoba\/#primaryimage"},"thumbnailUrl":"https:\/\/cadenacentropopular.com\/wp-content\/uploads\/2022\/08\/damian-cordoba-elo-quinteros.jpg","datePublished":"2022-08-30T13:46:38+00:00","dateModified":"2022-08-30T13:46:38+00:00","description":"La empresaria de moda lo revel\u00f3 a Cuarteteando. La ruptura fue de com\u00fan acuerdo y se dio hace aproximadamente dos meses.","breadcrumb":{"@id":"https:\/\/cadenacentropopular.com\/index.php\/2022\/08\/30\/elo-quinteros-confirmo-la-separacion-con-damian-cordoba\/#breadcrumb"},"inLanguage":"en-US","potentialAction":[{"@type":"ReadAction","target":["https:\/\/cadenacentropopular.com\/index.php\/2022\/08\/30\/elo-quinteros-confirmo-la-separacion-con-damian-cordoba\/"]}]},{"@type":"ImageObject","inLanguage":"en-US","@id":"https:\/\/cadenacentropopular.com\/index.php\/2022\/08\/30\/elo-quinteros-confirmo-la-separacion-con-damian-cordoba\/#primaryimage","url":"https:\/\/cadenacentropopular.com\/wp-content\/uploads\/2022\/08\/damian-cordoba-elo-quinteros.jpg","contentUrl":"https:\/\/cadenacentropopular.com\/wp-content\/uploads\/2022\/08\/damian-cordoba-elo-quinteros.jpg","width":791,"height":445},{"@type":"BreadcrumbList","@id":"https:\/\/cadenacentropopular.com\/index.php\/2022\/08\/30\/elo-quinteros-confirmo-la-separacion-con-damian-cordoba\/#breadcrumb","itemListElement":[{"@type":"ListItem","position":1,"name":"Home","item":"https:\/\/cadenacentropopular.com\/"},{"@type":"ListItem","position":2,"name":"Elo Quinteros confirm\u00f3 la separaci\u00f3n con Dami\u00e1n C\u00f3rdoba"}]},{"@type":"WebSite","@id":"https:\/\/cadenacentropopular.com\/#website","url":"https:\/\/cadenacentropopular.com\/","name":"CADENA CENTRO POPULAR","description":"","publisher":{"@id":"https:\/\/cadenacentropopular.com\/#organization"},"potentialAction":[{"@type":"SearchAction","target":{"@type":"EntryPoint","urlTemplate":"https:\/\/cadenacentropopular.com\/?s={search_term_string}"},"query-input":"required name=search_term_string"}],"inLanguage":"en-US"},{"@type":"Organization","@id":"https:\/\/cadenacentropopular.com\/#organization","name":"CADENA CENTRO POPULAR","url":"https:\/\/cadenacentropopular.com\/","logo":{"@type":"ImageObject","inLanguage":"en-US","@id":"https:\/\/cadenacentropopular.com\/#\/schema\/logo\/image\/","url":"http:\/\/cadenacentropopular.com\/wp-content\/uploads\/2022\/04\/portada.png","contentUrl":"http:\/\/cadenacentropopular.com\/wp-content\/uploads\/2022\/04\/portada.png","width":5317,"height":1962,"caption":"CADENA CENTRO POPULAR"},"image":{"@id":"https:\/\/cadenacentropopular.com\/#\/schema\/logo\/image\/"},"sameAs":["https:\/\/www.facebook.com\/cadenacentropopular","https:\/\/www.instagram.com\/ccentropopular\/"]},{"@type":"Person","@id":"https:\/\/cadenacentropopular.com\/#\/schema\/person\/0729df060fc8b84f539c0129cc09e4ad","name":"CcentroPopular","image":{"@type":"ImageObject","inLanguage":"en-US","@id":"https:\/\/cadenacentropopular.com\/#\/schema\/person\/image\/","url":"https:\/\/secure.gravatar.com\/avatar\/e3f77d046163f2c4e6977af93d588471?s=96&d=mm&r=g","contentUrl":"https:\/\/secure.gravatar.com\/avatar\/e3f77d046163f2c4e6977af93d588471?s=96&d=mm&r=g","caption":"CcentroPopular"},"sameAs":["http:\/\/cadenacentropopular.com"],"url":"https:\/\/cadenacentropopular.com\/index.php\/author\/maguiz\/"}]}},"_links":{"self":[{"href":"https:\/\/cadenacentropopular.com\/index.php\/wp-json\/wp\/v2\/posts\/285"}],"collection":[{"href":"https:\/\/cadenacentropopular.com\/index.php\/wp-json\/wp\/v2\/posts"}],"about":[{"href":"https:\/\/cadenacentropopular.com\/index.php\/wp-json\/wp\/v2\/types\/post"}],"author":[{"embeddable":true,"href":"https:\/\/cadenacentropopular.com\/index.php\/wp-json\/wp\/v2\/users\/1"}],"replies":[{"embeddable":true,"href":"https:\/\/cadenacentropopular.com\/index.php\/wp-json\/wp\/v2\/comments?post=285"}],"version-history":[{"count":1,"href":"https:\/\/cadenacentropopular.com\/index.php\/wp-json\/wp\/v2\/posts\/285\/revisions"}],"predecessor-version":[{"id":287,"href":"https:\/\/cadenacentropopular.com\/index.php\/wp-json\/wp\/v2\/posts\/285\/revisions\/287"}],"wp:featuredmedia":[{"embeddable":true,"href":"https:\/\/cadenacentropopular.com\/index.php\/wp-json\/wp\/v2\/media\/286"}],"wp:attachment":[{"href":"https:\/\/cadenacentropopular.com\/index.php\/wp-json\/wp\/v2\/media?parent=285"}],"wp:term":[{"taxonomy":"category","embeddable":true,"href":"https:\/\/cadenacentropopular.com\/index.php\/wp-json\/wp\/v2\/categories?post=285"},{"taxonomy":"post_tag","embeddable":true,"href":"https:\/\/cadenacentropopular.com\/index.php\/wp-json\/wp\/v2\/tags?post=285"}],"curies":[{"name":"wp","href":"https:\/\/api.w.org\/{rel}","templated":true}]}}