{"id":272,"date":"2022-08-25T15:57:47","date_gmt":"2022-08-25T15:57:47","guid":{"rendered":"https:\/\/cadenacentropopular.com\/?p=272"},"modified":"2022-08-25T15:57:47","modified_gmt":"2022-08-25T15:57:47","slug":"sorprendida-magui-olave-le-respondio-a-ulises-bueno-tras-su-fuerte-mensaje-en-instagram","status":"publish","type":"post","link":"https:\/\/cadenacentropopular.com\/index.php\/2022\/08\/25\/sorprendida-magui-olave-le-respondio-a-ulises-bueno-tras-su-fuerte-mensaje-en-instagram\/","title":{"rendered":"Sorprendida, Magui Olave le respondi\u00f3 a Ulises Bueno tras su fuerte mensaje en Instagram"},"content":{"rendered":"<p>La cantante sali\u00f3 a desmentir las palabras de su primo, que la hab\u00eda acusado de \u201colvidarse\u201d de \u00e9l. Qu\u00e9 respondi\u00f3.<\/p>\n<p>Tras la fuerte <a href=\"https:\/\/cadenacentropopular.com\/index.php\/2022\/08\/25\/ulises-bueno-apunto-contra-magui-olave-me-saludaste-como-un-desconocido-y-me-dolio\/\">acusaci\u00f3n p\u00fablica de Ulises Bueno<\/a>, Magui Olave sali\u00f3 a responderle a su primo y la pol\u00e9mica va en aumento. Es que, el cantante cordob\u00e9s hab\u00eda utilizado su cuenta de Instagram para reclamarle que se \u201colvid\u00f3\u201d de \u00e9l durante el \u00faltimo tiempo.<\/p>\n<p>\u201cTe olvidaste de m\u00ed, pero no del artista, de tu primo, el que te necesita cuando no est\u00e1 bien!!!\u201d, se\u00f1al\u00f3 el artista en su cuenta de Instagram. \u201cLo entiendo, es el \u00e9xito, pero primero somos familia\u201d, dispar\u00f3.<\/p>\n<p>\u201cAnoche (Premios Gardel) me saludaste como un desconocido y me doli\u00f3 mucho, pero bueno \u00bfser\u00e1 que la m\u00fasica hoy nos enfrenta?\u201d, cuestion\u00f3 Ulises. \u201cLamentablemente, utilizo este medio porque no tengo tu n\u00famero. Yo te hubiera dado el Gardel a cambio de un abrazo!!!\u201d, sentenci\u00f3.<\/p>\n<p>Ante este reclamo p\u00fablico, Magui Olave no dud\u00f3 en responderle el posteo. \u201cEehhhhh???? Esto es en serio???? Apenas llegu\u00e9 al predio me acerqu\u00e9 a saludarte y despu\u00e9s, cuando recibiste el premio, te felicit\u00e9 y hasta te dije que te amaba haci\u00e9ndote un coraz\u00f3n!!! No entiendo nada, de verdad\u2026\u201d, le escribi\u00f3 la cantante.<\/p>\n<p><img fetchpriority=\"high\" decoding=\"async\" class=\" wp-image-273 aligncenter\" src=\"http:\/\/cadenacentropopular.com\/wp-content\/uploads\/2022\/08\/G7UMI3OC2RAPRLGXXSG5LSAFRU.png\" alt=\"\" width=\"744\" height=\"394\" srcset=\"https:\/\/cadenacentropopular.com\/wp-content\/uploads\/2022\/08\/G7UMI3OC2RAPRLGXXSG5LSAFRU.png 1023w, https:\/\/cadenacentropopular.com\/wp-content\/uploads\/2022\/08\/G7UMI3OC2RAPRLGXXSG5LSAFRU-300x159.png 300w, https:\/\/cadenacentropopular.com\/wp-content\/uploads\/2022\/08\/G7UMI3OC2RAPRLGXXSG5LSAFRU-768x407.png 768w\" sizes=\"(max-width: 744px) 100vw, 744px\" \/><\/p>\n","protected":false},"excerpt":{"rendered":"<p>La cantante sali\u00f3 a desmentir las palabras de su primo, que la hab\u00eda acusado de \u201colvidarse\u201d de \u00e9l. Qu\u00e9 respondi\u00f3. Tras la fuerte acusaci\u00f3n p\u00fablica de Ulises Bueno, Magui Olave sali\u00f3 a responderle a su primo y la pol\u00e9mica va en aumento. Es que, el cantante cordob\u00e9s hab\u00eda utilizado su cuenta de Instagram para reclamarle&#8230;<\/p>\n","protected":false},"author":1,"featured_media":274,"comment_status":"open","ping_status":"open","sticky":false,"template":"","format":"standard","meta":{"_monsterinsights_skip_tracking":false,"_monsterinsights_sitenote_active":false,"_monsterinsights_sitenote_note":"","_monsterinsights_sitenote_category":0,"_kad_post_transparent":"default","_kad_post_title":"default","_kad_post_layout":"default","_kad_post_sidebar_id":"","_kad_post_content_style":"default","_kad_post_vertical_padding":"default","_kad_post_feature":"","_kad_post_feature_position":"","_kad_post_header":false,"_kad_post_footer":false,"footnotes":""},"categories":[9],"tags":[16,73,79,35],"yoast_head":"<!-- This site is optimized with the Yoast SEO plugin v23.3 - https:\/\/yoast.com\/wordpress\/plugins\/seo\/ -->\n<title>Sorprendida, Magui Olave le respondi\u00f3 a Ulises Bueno tras su fuerte mensaje en Instagram - CADENA CENTRO POPULAR<\/title>\n<meta name=\"description\" content=\"La cantante sali\u00f3 a desmentir las palabras de su primo, que la hab\u00eda acusado de \u201colvidarse\u201d de \u00e9l. Qu\u00e9 respondi\u00f3.\" \/>\n<meta name=\"robots\" content=\"index, follow, max-snippet:-1, max-image-preview:large, max-video-preview:-1\" \/>\n<link rel=\"canonical\" href=\"https:\/\/cadenacentropopular.com\/index.php\/2022\/08\/25\/sorprendida-magui-olave-le-respondio-a-ulises-bueno-tras-su-fuerte-mensaje-en-instagram\/\" \/>\n<meta property=\"og:locale\" content=\"en_US\" \/>\n<meta property=\"og:type\" content=\"article\" \/>\n<meta property=\"og:title\" content=\"Sorprendida, Magui Olave le respondi\u00f3 a Ulises Bueno tras su fuerte mensaje en Instagram - CADENA CENTRO POPULAR\" \/>\n<meta property=\"og:description\" content=\"La cantante sali\u00f3 a desmentir las palabras de su primo, que la hab\u00eda acusado de \u201colvidarse\u201d de \u00e9l. Qu\u00e9 respondi\u00f3.\" \/>\n<meta property=\"og:url\" content=\"https:\/\/cadenacentropopular.com\/index.php\/2022\/08\/25\/sorprendida-magui-olave-le-respondio-a-ulises-bueno-tras-su-fuerte-mensaje-en-instagram\/\" \/>\n<meta property=\"og:site_name\" content=\"CADENA CENTRO POPULAR\" \/>\n<meta property=\"article:publisher\" content=\"https:\/\/www.facebook.com\/cadenacentropopular\" \/>\n<meta property=\"article:published_time\" content=\"2022-08-25T15:57:47+00:00\" \/>\n<meta property=\"og:image\" content=\"http:\/\/cadenacentropopular.com\/wp-content\/uploads\/2022\/08\/WAY2T3L3SJGEVOBZDZ5NJZIHCA.png\" \/>\n\t<meta property=\"og:image:width\" content=\"1023\" \/>\n\t<meta property=\"og:image:height\" content=\"682\" \/>\n\t<meta property=\"og:image:type\" content=\"image\/png\" \/>\n<meta name=\"author\" content=\"CcentroPopular\" \/>\n<meta name=\"twitter:card\" content=\"summary_large_image\" \/>\n<meta name=\"twitter:label1\" content=\"Written by\" \/>\n\t<meta name=\"twitter:data1\" content=\"CcentroPopular\" \/>\n\t<meta name=\"twitter:label2\" content=\"Est. reading time\" \/>\n\t<meta name=\"twitter:data2\" content=\"1 minute\" \/>\n<script type=\"application\/ld+json\" class=\"yoast-schema-graph\">{\"@context\":\"https:\/\/schema.org\",\"@graph\":[{\"@type\":\"Article\",\"@id\":\"https:\/\/cadenacentropopular.com\/index.php\/2022\/08\/25\/sorprendida-magui-olave-le-respondio-a-ulises-bueno-tras-su-fuerte-mensaje-en-instagram\/#article\",\"isPartOf\":{\"@id\":\"https:\/\/cadenacentropopular.com\/index.php\/2022\/08\/25\/sorprendida-magui-olave-le-respondio-a-ulises-bueno-tras-su-fuerte-mensaje-en-instagram\/\"},\"author\":{\"name\":\"CcentroPopular\",\"@id\":\"https:\/\/cadenacentropopular.com\/#\/schema\/person\/0729df060fc8b84f539c0129cc09e4ad\"},\"headline\":\"Sorprendida, Magui Olave le respondi\u00f3 a Ulises Bueno tras su fuerte mensaje en Instagram\",\"datePublished\":\"2022-08-25T15:57:47+00:00\",\"dateModified\":\"2022-08-25T15:57:47+00:00\",\"mainEntityOfPage\":{\"@id\":\"https:\/\/cadenacentropopular.com\/index.php\/2022\/08\/25\/sorprendida-magui-olave-le-respondio-a-ulises-bueno-tras-su-fuerte-mensaje-en-instagram\/\"},\"wordCount\":224,\"commentCount\":0,\"publisher\":{\"@id\":\"https:\/\/cadenacentropopular.com\/#organization\"},\"image\":{\"@id\":\"https:\/\/cadenacentropopular.com\/index.php\/2022\/08\/25\/sorprendida-magui-olave-le-respondio-a-ulises-bueno-tras-su-fuerte-mensaje-en-instagram\/#primaryimage\"},\"thumbnailUrl\":\"https:\/\/cadenacentropopular.com\/wp-content\/uploads\/2022\/08\/WAY2T3L3SJGEVOBZDZ5NJZIHCA.png\",\"keywords\":[\"cadena centro popular\",\"magui olave\",\"magui olave respondio a ulises\",\"ulises bueno\"],\"articleSection\":[\"cuarteto\"],\"inLanguage\":\"en-US\",\"potentialAction\":[{\"@type\":\"CommentAction\",\"name\":\"Comment\",\"target\":[\"https:\/\/cadenacentropopular.com\/index.php\/2022\/08\/25\/sorprendida-magui-olave-le-respondio-a-ulises-bueno-tras-su-fuerte-mensaje-en-instagram\/#respond\"]}]},{\"@type\":\"WebPage\",\"@id\":\"https:\/\/cadenacentropopular.com\/index.php\/2022\/08\/25\/sorprendida-magui-olave-le-respondio-a-ulises-bueno-tras-su-fuerte-mensaje-en-instagram\/\",\"url\":\"https:\/\/cadenacentropopular.com\/index.php\/2022\/08\/25\/sorprendida-magui-olave-le-respondio-a-ulises-bueno-tras-su-fuerte-mensaje-en-instagram\/\",\"name\":\"Sorprendida, Magui Olave le respondi\u00f3 a Ulises Bueno tras su fuerte mensaje en Instagram - CADENA CENTRO POPULAR\",\"isPartOf\":{\"@id\":\"https:\/\/cadenacentropopular.com\/#website\"},\"primaryImageOfPage\":{\"@id\":\"https:\/\/cadenacentropopular.com\/index.php\/2022\/08\/25\/sorprendida-magui-olave-le-respondio-a-ulises-bueno-tras-su-fuerte-mensaje-en-instagram\/#primaryimage\"},\"image\":{\"@id\":\"https:\/\/cadenacentropopular.com\/index.php\/2022\/08\/25\/sorprendida-magui-olave-le-respondio-a-ulises-bueno-tras-su-fuerte-mensaje-en-instagram\/#primaryimage\"},\"thumbnailUrl\":\"https:\/\/cadenacentropopular.com\/wp-content\/uploads\/2022\/08\/WAY2T3L3SJGEVOBZDZ5NJZIHCA.png\",\"datePublished\":\"2022-08-25T15:57:47+00:00\",\"dateModified\":\"2022-08-25T15:57:47+00:00\",\"description\":\"La cantante sali\u00f3 a desmentir las palabras de su primo, que la hab\u00eda acusado de \u201colvidarse\u201d de \u00e9l. Qu\u00e9 respondi\u00f3.\",\"breadcrumb\":{\"@id\":\"https:\/\/cadenacentropopular.com\/index.php\/2022\/08\/25\/sorprendida-magui-olave-le-respondio-a-ulises-bueno-tras-su-fuerte-mensaje-en-instagram\/#breadcrumb\"},\"inLanguage\":\"en-US\",\"potentialAction\":[{\"@type\":\"ReadAction\",\"target\":[\"https:\/\/cadenacentropopular.com\/index.php\/2022\/08\/25\/sorprendida-magui-olave-le-respondio-a-ulises-bueno-tras-su-fuerte-mensaje-en-instagram\/\"]}]},{\"@type\":\"ImageObject\",\"inLanguage\":\"en-US\",\"@id\":\"https:\/\/cadenacentropopular.com\/index.php\/2022\/08\/25\/sorprendida-magui-olave-le-respondio-a-ulises-bueno-tras-su-fuerte-mensaje-en-instagram\/#primaryimage\",\"url\":\"https:\/\/cadenacentropopular.com\/wp-content\/uploads\/2022\/08\/WAY2T3L3SJGEVOBZDZ5NJZIHCA.png\",\"contentUrl\":\"https:\/\/cadenacentropopular.com\/wp-content\/uploads\/2022\/08\/WAY2T3L3SJGEVOBZDZ5NJZIHCA.png\",\"width\":1023,\"height\":682},{\"@type\":\"BreadcrumbList\",\"@id\":\"https:\/\/cadenacentropopular.com\/index.php\/2022\/08\/25\/sorprendida-magui-olave-le-respondio-a-ulises-bueno-tras-su-fuerte-mensaje-en-instagram\/#breadcrumb\",\"itemListElement\":[{\"@type\":\"ListItem\",\"position\":1,\"name\":\"Home\",\"item\":\"https:\/\/cadenacentropopular.com\/\"},{\"@type\":\"ListItem\",\"position\":2,\"name\":\"Sorprendida, Magui Olave le respondi\u00f3 a Ulises Bueno tras su fuerte mensaje en Instagram\"}]},{\"@type\":\"WebSite\",\"@id\":\"https:\/\/cadenacentropopular.com\/#website\",\"url\":\"https:\/\/cadenacentropopular.com\/\",\"name\":\"CADENA CENTRO POPULAR\",\"description\":\"\",\"publisher\":{\"@id\":\"https:\/\/cadenacentropopular.com\/#organization\"},\"potentialAction\":[{\"@type\":\"SearchAction\",\"target\":{\"@type\":\"EntryPoint\",\"urlTemplate\":\"https:\/\/cadenacentropopular.com\/?s={search_term_string}\"},\"query-input\":\"required name=search_term_string\"}],\"inLanguage\":\"en-US\"},{\"@type\":\"Organization\",\"@id\":\"https:\/\/cadenacentropopular.com\/#organization\",\"name\":\"CADENA CENTRO POPULAR\",\"url\":\"https:\/\/cadenacentropopular.com\/\",\"logo\":{\"@type\":\"ImageObject\",\"inLanguage\":\"en-US\",\"@id\":\"https:\/\/cadenacentropopular.com\/#\/schema\/logo\/image\/\",\"url\":\"http:\/\/cadenacentropopular.com\/wp-content\/uploads\/2022\/04\/portada.png\",\"contentUrl\":\"http:\/\/cadenacentropopular.com\/wp-content\/uploads\/2022\/04\/portada.png\",\"width\":5317,\"height\":1962,\"caption\":\"CADENA CENTRO POPULAR\"},\"image\":{\"@id\":\"https:\/\/cadenacentropopular.com\/#\/schema\/logo\/image\/\"},\"sameAs\":[\"https:\/\/www.facebook.com\/cadenacentropopular\",\"https:\/\/www.instagram.com\/ccentropopular\/\"]},{\"@type\":\"Person\",\"@id\":\"https:\/\/cadenacentropopular.com\/#\/schema\/person\/0729df060fc8b84f539c0129cc09e4ad\",\"name\":\"CcentroPopular\",\"image\":{\"@type\":\"ImageObject\",\"inLanguage\":\"en-US\",\"@id\":\"https:\/\/cadenacentropopular.com\/#\/schema\/person\/image\/\",\"url\":\"https:\/\/secure.gravatar.com\/avatar\/e3f77d046163f2c4e6977af93d588471?s=96&d=mm&r=g\",\"contentUrl\":\"https:\/\/secure.gravatar.com\/avatar\/e3f77d046163f2c4e6977af93d588471?s=96&d=mm&r=g\",\"caption\":\"CcentroPopular\"},\"sameAs\":[\"http:\/\/cadenacentropopular.com\"],\"url\":\"https:\/\/cadenacentropopular.com\/index.php\/author\/maguiz\/\"}]}<\/script>\n<!-- \/ Yoast SEO plugin. -->","yoast_head_json":{"title":"Sorprendida, Magui Olave le respondi\u00f3 a Ulises Bueno tras su fuerte mensaje en Instagram - CADENA CENTRO POPULAR","description":"La cantante sali\u00f3 a desmentir las palabras de su primo, que la hab\u00eda acusado de \u201colvidarse\u201d de \u00e9l. Qu\u00e9 respondi\u00f3.","robots":{"index":"index","follow":"follow","max-snippet":"max-snippet:-1","max-image-preview":"max-image-preview:large","max-video-preview":"max-video-preview:-1"},"canonical":"https:\/\/cadenacentropopular.com\/index.php\/2022\/08\/25\/sorprendida-magui-olave-le-respondio-a-ulises-bueno-tras-su-fuerte-mensaje-en-instagram\/","og_locale":"en_US","og_type":"article","og_title":"Sorprendida, Magui Olave le respondi\u00f3 a Ulises Bueno tras su fuerte mensaje en Instagram - CADENA CENTRO POPULAR","og_description":"La cantante sali\u00f3 a desmentir las palabras de su primo, que la hab\u00eda acusado de \u201colvidarse\u201d de \u00e9l. Qu\u00e9 respondi\u00f3.","og_url":"https:\/\/cadenacentropopular.com\/index.php\/2022\/08\/25\/sorprendida-magui-olave-le-respondio-a-ulises-bueno-tras-su-fuerte-mensaje-en-instagram\/","og_site_name":"CADENA CENTRO POPULAR","article_publisher":"https:\/\/www.facebook.com\/cadenacentropopular","article_published_time":"2022-08-25T15:57:47+00:00","og_image":[{"width":1023,"height":682,"url":"http:\/\/cadenacentropopular.com\/wp-content\/uploads\/2022\/08\/WAY2T3L3SJGEVOBZDZ5NJZIHCA.png","type":"image\/png"}],"author":"CcentroPopular","twitter_card":"summary_large_image","twitter_misc":{"Written by":"CcentroPopular","Est. reading time":"1 minute"},"schema":{"@context":"https:\/\/schema.org","@graph":[{"@type":"Article","@id":"https:\/\/cadenacentropopular.com\/index.php\/2022\/08\/25\/sorprendida-magui-olave-le-respondio-a-ulises-bueno-tras-su-fuerte-mensaje-en-instagram\/#article","isPartOf":{"@id":"https:\/\/cadenacentropopular.com\/index.php\/2022\/08\/25\/sorprendida-magui-olave-le-respondio-a-ulises-bueno-tras-su-fuerte-mensaje-en-instagram\/"},"author":{"name":"CcentroPopular","@id":"https:\/\/cadenacentropopular.com\/#\/schema\/person\/0729df060fc8b84f539c0129cc09e4ad"},"headline":"Sorprendida, Magui Olave le respondi\u00f3 a Ulises Bueno tras su fuerte mensaje en Instagram","datePublished":"2022-08-25T15:57:47+00:00","dateModified":"2022-08-25T15:57:47+00:00","mainEntityOfPage":{"@id":"https:\/\/cadenacentropopular.com\/index.php\/2022\/08\/25\/sorprendida-magui-olave-le-respondio-a-ulises-bueno-tras-su-fuerte-mensaje-en-instagram\/"},"wordCount":224,"commentCount":0,"publisher":{"@id":"https:\/\/cadenacentropopular.com\/#organization"},"image":{"@id":"https:\/\/cadenacentropopular.com\/index.php\/2022\/08\/25\/sorprendida-magui-olave-le-respondio-a-ulises-bueno-tras-su-fuerte-mensaje-en-instagram\/#primaryimage"},"thumbnailUrl":"https:\/\/cadenacentropopular.com\/wp-content\/uploads\/2022\/08\/WAY2T3L3SJGEVOBZDZ5NJZIHCA.png","keywords":["cadena centro popular","magui olave","magui olave respondio a ulises","ulises bueno"],"articleSection":["cuarteto"],"inLanguage":"en-US","potentialAction":[{"@type":"CommentAction","name":"Comment","target":["https:\/\/cadenacentropopular.com\/index.php\/2022\/08\/25\/sorprendida-magui-olave-le-respondio-a-ulises-bueno-tras-su-fuerte-mensaje-en-instagram\/#respond"]}]},{"@type":"WebPage","@id":"https:\/\/cadenacentropopular.com\/index.php\/2022\/08\/25\/sorprendida-magui-olave-le-respondio-a-ulises-bueno-tras-su-fuerte-mensaje-en-instagram\/","url":"https:\/\/cadenacentropopular.com\/index.php\/2022\/08\/25\/sorprendida-magui-olave-le-respondio-a-ulises-bueno-tras-su-fuerte-mensaje-en-instagram\/","name":"Sorprendida, Magui Olave le respondi\u00f3 a Ulises Bueno tras su fuerte mensaje en Instagram - CADENA CENTRO POPULAR","isPartOf":{"@id":"https:\/\/cadenacentropopular.com\/#website"},"primaryImageOfPage":{"@id":"https:\/\/cadenacentropopular.com\/index.php\/2022\/08\/25\/sorprendida-magui-olave-le-respondio-a-ulises-bueno-tras-su-fuerte-mensaje-en-instagram\/#primaryimage"},"image":{"@id":"https:\/\/cadenacentropopular.com\/index.php\/2022\/08\/25\/sorprendida-magui-olave-le-respondio-a-ulises-bueno-tras-su-fuerte-mensaje-en-instagram\/#primaryimage"},"thumbnailUrl":"https:\/\/cadenacentropopular.com\/wp-content\/uploads\/2022\/08\/WAY2T3L3SJGEVOBZDZ5NJZIHCA.png","datePublished":"2022-08-25T15:57:47+00:00","dateModified":"2022-08-25T15:57:47+00:00","description":"La cantante sali\u00f3 a desmentir las palabras de su primo, que la hab\u00eda acusado de \u201colvidarse\u201d de \u00e9l. Qu\u00e9 respondi\u00f3.","breadcrumb":{"@id":"https:\/\/cadenacentropopular.com\/index.php\/2022\/08\/25\/sorprendida-magui-olave-le-respondio-a-ulises-bueno-tras-su-fuerte-mensaje-en-instagram\/#breadcrumb"},"inLanguage":"en-US","potentialAction":[{"@type":"ReadAction","target":["https:\/\/cadenacentropopular.com\/index.php\/2022\/08\/25\/sorprendida-magui-olave-le-respondio-a-ulises-bueno-tras-su-fuerte-mensaje-en-instagram\/"]}]},{"@type":"ImageObject","inLanguage":"en-US","@id":"https:\/\/cadenacentropopular.com\/index.php\/2022\/08\/25\/sorprendida-magui-olave-le-respondio-a-ulises-bueno-tras-su-fuerte-mensaje-en-instagram\/#primaryimage","url":"https:\/\/cadenacentropopular.com\/wp-content\/uploads\/2022\/08\/WAY2T3L3SJGEVOBZDZ5NJZIHCA.png","contentUrl":"https:\/\/cadenacentropopular.com\/wp-content\/uploads\/2022\/08\/WAY2T3L3SJGEVOBZDZ5NJZIHCA.png","width":1023,"height":682},{"@type":"BreadcrumbList","@id":"https:\/\/cadenacentropopular.com\/index.php\/2022\/08\/25\/sorprendida-magui-olave-le-respondio-a-ulises-bueno-tras-su-fuerte-mensaje-en-instagram\/#breadcrumb","itemListElement":[{"@type":"ListItem","position":1,"name":"Home","item":"https:\/\/cadenacentropopular.com\/"},{"@type":"ListItem","position":2,"name":"Sorprendida, Magui Olave le respondi\u00f3 a Ulises Bueno tras su fuerte mensaje en Instagram"}]},{"@type":"WebSite","@id":"https:\/\/cadenacentropopular.com\/#website","url":"https:\/\/cadenacentropopular.com\/","name":"CADENA CENTRO POPULAR","description":"","publisher":{"@id":"https:\/\/cadenacentropopular.com\/#organization"},"potentialAction":[{"@type":"SearchAction","target":{"@type":"EntryPoint","urlTemplate":"https:\/\/cadenacentropopular.com\/?s={search_term_string}"},"query-input":"required name=search_term_string"}],"inLanguage":"en-US"},{"@type":"Organization","@id":"https:\/\/cadenacentropopular.com\/#organization","name":"CADENA CENTRO POPULAR","url":"https:\/\/cadenacentropopular.com\/","logo":{"@type":"ImageObject","inLanguage":"en-US","@id":"https:\/\/cadenacentropopular.com\/#\/schema\/logo\/image\/","url":"http:\/\/cadenacentropopular.com\/wp-content\/uploads\/2022\/04\/portada.png","contentUrl":"http:\/\/cadenacentropopular.com\/wp-content\/uploads\/2022\/04\/portada.png","width":5317,"height":1962,"caption":"CADENA CENTRO POPULAR"},"image":{"@id":"https:\/\/cadenacentropopular.com\/#\/schema\/logo\/image\/"},"sameAs":["https:\/\/www.facebook.com\/cadenacentropopular","https:\/\/www.instagram.com\/ccentropopular\/"]},{"@type":"Person","@id":"https:\/\/cadenacentropopular.com\/#\/schema\/person\/0729df060fc8b84f539c0129cc09e4ad","name":"CcentroPopular","image":{"@type":"ImageObject","inLanguage":"en-US","@id":"https:\/\/cadenacentropopular.com\/#\/schema\/person\/image\/","url":"https:\/\/secure.gravatar.com\/avatar\/e3f77d046163f2c4e6977af93d588471?s=96&d=mm&r=g","contentUrl":"https:\/\/secure.gravatar.com\/avatar\/e3f77d046163f2c4e6977af93d588471?s=96&d=mm&r=g","caption":"CcentroPopular"},"sameAs":["http:\/\/cadenacentropopular.com"],"url":"https:\/\/cadenacentropopular.com\/index.php\/author\/maguiz\/"}]}},"_links":{"self":[{"href":"https:\/\/cadenacentropopular.com\/index.php\/wp-json\/wp\/v2\/posts\/272"}],"collection":[{"href":"https:\/\/cadenacentropopular.com\/index.php\/wp-json\/wp\/v2\/posts"}],"about":[{"href":"https:\/\/cadenacentropopular.com\/index.php\/wp-json\/wp\/v2\/types\/post"}],"author":[{"embeddable":true,"href":"https:\/\/cadenacentropopular.com\/index.php\/wp-json\/wp\/v2\/users\/1"}],"replies":[{"embeddable":true,"href":"https:\/\/cadenacentropopular.com\/index.php\/wp-json\/wp\/v2\/comments?post=272"}],"version-history":[{"count":1,"href":"https:\/\/cadenacentropopular.com\/index.php\/wp-json\/wp\/v2\/posts\/272\/revisions"}],"predecessor-version":[{"id":275,"href":"https:\/\/cadenacentropopular.com\/index.php\/wp-json\/wp\/v2\/posts\/272\/revisions\/275"}],"wp:featuredmedia":[{"embeddable":true,"href":"https:\/\/cadenacentropopular.com\/index.php\/wp-json\/wp\/v2\/media\/274"}],"wp:attachment":[{"href":"https:\/\/cadenacentropopular.com\/index.php\/wp-json\/wp\/v2\/media?parent=272"}],"wp:term":[{"taxonomy":"category","embeddable":true,"href":"https:\/\/cadenacentropopular.com\/index.php\/wp-json\/wp\/v2\/categories?post=272"},{"taxonomy":"post_tag","embeddable":true,"href":"https:\/\/cadenacentropopular.com\/index.php\/wp-json\/wp\/v2\/tags?post=272"}],"curies":[{"name":"wp","href":"https:\/\/api.w.org\/{rel}","templated":true}]}}