{"id":250,"date":"2022-08-16T14:55:03","date_gmt":"2022-08-16T14:55:03","guid":{"rendered":"https:\/\/cadenacentropopular.com\/?p=250"},"modified":"2022-08-16T14:55:03","modified_gmt":"2022-08-16T14:55:03","slug":"alejandro-dempke-se-despidio-de-la-barra-fue-un-sueno-y-lo-cumpli","status":"publish","type":"post","link":"https:\/\/cadenacentropopular.com\/index.php\/2022\/08\/16\/alejandro-dempke-se-despidio-de-la-barra-fue-un-sueno-y-lo-cumpli\/","title":{"rendered":"Alejandro Dempke se despidi\u00f3 de La Barra: \u201cFue un sue\u00f1o y lo cumpl\u00ed\u201d"},"content":{"rendered":"<p>El cantante acompa\u00f1\u00f3 por m\u00e1s de 9 a\u00f1os a la &#8220;Pepa&#8221; Brizuela y agradeci\u00f3 la oportunidad.<\/p>\n<p>En la noche del domingo se vivi\u00f3 un baile emotivo en Plaza de la M\u00fasica. Adem\u00e1s del regreso de La Barra a la ex Vieja Usina, los barrabaleros presenciaron la emotiva despedida de Alejandro Dempke. El cantante acompa\u00f1\u00f3 por m\u00e1s de nueve a\u00f1os a la banda m\u00e1s grande de C\u00f3rdoba y decidi\u00f3 dar un paso al costado.<\/p>\n<p>Durante el show, Javier la &#8220;Pepa&#8221; Brizuela fue el encargado de dar la noticia. &#8220;Esta es una noche nost\u00e1lgica para nosotros. Se nos va un amigo (&#8230;) nunca nos abandon\u00f3 como otra gente, como otros m\u00fasicos&#8221;, expres\u00f3. Y agreg\u00f3: &#8220;Te despido con el mejor de los amores porque te queremos mucho, sos una excelente persona, cantante y un excelente profesional&#8221;.<\/p>\n<p>La decisi\u00f3n la tom\u00f3 Alejandro tras formar parte de La Barra por casi una d\u00e9cada y mostr\u00f3 su agradecimiento desde el escenario de la Plaza. &#8220;Solamente tengo palabras de agradecimiento porque la verdad, como te dije alguna vez, es un sue\u00f1o estar ac\u00e1. Fue un sue\u00f1o y lo cumpl\u00ed&#8221;.<\/p>\n<p>Javier cont\u00f3 que fue \u00e9l quien lo busc\u00f3 y habl\u00f3 al cantante para acompa\u00f1arlo en la nueva etapa. Antes de finalizar la despedida, Dempke volvi\u00f3 a interpretar <em>Nos quedan pendientes<\/em>, el primer tema que grab\u00f3 y form\u00f3 parte del disco<em> Otra historia<\/em>.<\/p>\n<p>Alejandro Dempke ingres\u00f3 a la banda en abril de 2013 tras la salida de Dani Guardia. Anteriormente hab\u00eda formado parte de La Konga, compartiendo escenarios junto a Diego Granad\u00e9 y N\u00e9lson Aguirre. Fue el encargado de &#8220;romper el hielo&#8221; en las previas de la presentaciones de la banda m\u00e1s grande de C\u00f3rdoba.<\/p>\n<p>Fuente: cuarteteando<\/p>\n","protected":false},"excerpt":{"rendered":"<p>El cantante acompa\u00f1\u00f3 por m\u00e1s de 9 a\u00f1os a la &#8220;Pepa&#8221; Brizuela y agradeci\u00f3 la oportunidad. En la noche del domingo se vivi\u00f3 un baile emotivo en Plaza de la M\u00fasica. Adem\u00e1s del regreso de La Barra a la ex Vieja Usina, los barrabaleros presenciaron la emotiva despedida de Alejandro Dempke. El cantante acompa\u00f1\u00f3 por&#8230;<\/p>\n","protected":false},"author":1,"featured_media":251,"comment_status":"open","ping_status":"open","sticky":false,"template":"","format":"standard","meta":{"_monsterinsights_skip_tracking":false,"_monsterinsights_sitenote_active":false,"_monsterinsights_sitenote_note":"","_monsterinsights_sitenote_category":0,"_kad_post_transparent":"default","_kad_post_title":"default","_kad_post_layout":"default","_kad_post_sidebar_id":"","_kad_post_content_style":"default","_kad_post_vertical_padding":"default","_kad_post_feature":"","_kad_post_feature_position":"","_kad_post_header":false,"_kad_post_footer":false,"footnotes":""},"categories":[9],"tags":[66,46,65,67],"yoast_head":"<!-- This site is optimized with the Yoast SEO plugin v23.3 - https:\/\/yoast.com\/wordpress\/plugins\/seo\/ -->\n<title>Alejandro Dempke se despidi\u00f3 de La Barra: \u201cFue un sue\u00f1o y lo cumpl\u00ed\u201d - CADENA CENTRO POPULAR<\/title>\n<meta name=\"description\" content=\"El cantante acompa\u00f1\u00f3 por m\u00e1s de 9 a\u00f1os a la &quot;Pepa&quot; Brizuela y agradeci\u00f3 la oportunidad.\" \/>\n<meta name=\"robots\" content=\"index, follow, max-snippet:-1, max-image-preview:large, max-video-preview:-1\" \/>\n<link rel=\"canonical\" href=\"https:\/\/cadenacentropopular.com\/index.php\/2022\/08\/16\/alejandro-dempke-se-despidio-de-la-barra-fue-un-sueno-y-lo-cumpli\/\" \/>\n<meta property=\"og:locale\" content=\"en_US\" \/>\n<meta property=\"og:type\" content=\"article\" \/>\n<meta property=\"og:title\" content=\"Alejandro Dempke se despidi\u00f3 de La Barra: \u201cFue un sue\u00f1o y lo cumpl\u00ed\u201d - CADENA CENTRO POPULAR\" \/>\n<meta property=\"og:description\" content=\"El cantante acompa\u00f1\u00f3 por m\u00e1s de 9 a\u00f1os a la &quot;Pepa&quot; Brizuela y agradeci\u00f3 la oportunidad.\" \/>\n<meta property=\"og:url\" content=\"https:\/\/cadenacentropopular.com\/index.php\/2022\/08\/16\/alejandro-dempke-se-despidio-de-la-barra-fue-un-sueno-y-lo-cumpli\/\" \/>\n<meta property=\"og:site_name\" content=\"CADENA CENTRO POPULAR\" \/>\n<meta property=\"article:publisher\" content=\"https:\/\/www.facebook.com\/cadenacentropopular\" \/>\n<meta property=\"article:published_time\" content=\"2022-08-16T14:55:03+00:00\" \/>\n<meta property=\"og:image\" content=\"http:\/\/cadenacentropopular.com\/wp-content\/uploads\/2022\/08\/Ale-Dempke-y-la-pepa-en-La-Barra.jpg\" \/>\n\t<meta property=\"og:image:width\" content=\"791\" \/>\n\t<meta property=\"og:image:height\" content=\"445\" \/>\n\t<meta property=\"og:image:type\" content=\"image\/jpeg\" \/>\n<meta name=\"author\" content=\"CcentroPopular\" \/>\n<meta name=\"twitter:card\" content=\"summary_large_image\" \/>\n<meta name=\"twitter:label1\" content=\"Written by\" \/>\n\t<meta name=\"twitter:data1\" content=\"CcentroPopular\" \/>\n\t<meta name=\"twitter:label2\" content=\"Est. reading time\" \/>\n\t<meta name=\"twitter:data2\" content=\"2 minutes\" \/>\n<script type=\"application\/ld+json\" class=\"yoast-schema-graph\">{\"@context\":\"https:\/\/schema.org\",\"@graph\":[{\"@type\":\"Article\",\"@id\":\"https:\/\/cadenacentropopular.com\/index.php\/2022\/08\/16\/alejandro-dempke-se-despidio-de-la-barra-fue-un-sueno-y-lo-cumpli\/#article\",\"isPartOf\":{\"@id\":\"https:\/\/cadenacentropopular.com\/index.php\/2022\/08\/16\/alejandro-dempke-se-despidio-de-la-barra-fue-un-sueno-y-lo-cumpli\/\"},\"author\":{\"name\":\"CcentroPopular\",\"@id\":\"https:\/\/cadenacentropopular.com\/#\/schema\/person\/0729df060fc8b84f539c0129cc09e4ad\"},\"headline\":\"Alejandro Dempke se despidi\u00f3 de La Barra: \u201cFue un sue\u00f1o y lo cumpl\u00ed\u201d\",\"datePublished\":\"2022-08-16T14:55:03+00:00\",\"dateModified\":\"2022-08-16T14:55:03+00:00\",\"mainEntityOfPage\":{\"@id\":\"https:\/\/cadenacentropopular.com\/index.php\/2022\/08\/16\/alejandro-dempke-se-despidio-de-la-barra-fue-un-sueno-y-lo-cumpli\/\"},\"wordCount\":308,\"commentCount\":0,\"publisher\":{\"@id\":\"https:\/\/cadenacentropopular.com\/#organization\"},\"image\":{\"@id\":\"https:\/\/cadenacentropopular.com\/index.php\/2022\/08\/16\/alejandro-dempke-se-despidio-de-la-barra-fue-un-sueno-y-lo-cumpli\/#primaryimage\"},\"thumbnailUrl\":\"https:\/\/cadenacentropopular.com\/wp-content\/uploads\/2022\/08\/Ale-Dempke-y-la-pepa-en-La-Barra.jpg\",\"keywords\":[\"ale dempke\",\"cuarteto\",\"la barra\",\"pepa brizuela\"],\"articleSection\":[\"cuarteto\"],\"inLanguage\":\"en-US\",\"potentialAction\":[{\"@type\":\"CommentAction\",\"name\":\"Comment\",\"target\":[\"https:\/\/cadenacentropopular.com\/index.php\/2022\/08\/16\/alejandro-dempke-se-despidio-de-la-barra-fue-un-sueno-y-lo-cumpli\/#respond\"]}]},{\"@type\":\"WebPage\",\"@id\":\"https:\/\/cadenacentropopular.com\/index.php\/2022\/08\/16\/alejandro-dempke-se-despidio-de-la-barra-fue-un-sueno-y-lo-cumpli\/\",\"url\":\"https:\/\/cadenacentropopular.com\/index.php\/2022\/08\/16\/alejandro-dempke-se-despidio-de-la-barra-fue-un-sueno-y-lo-cumpli\/\",\"name\":\"Alejandro Dempke se despidi\u00f3 de La Barra: \u201cFue un sue\u00f1o y lo cumpl\u00ed\u201d - CADENA CENTRO POPULAR\",\"isPartOf\":{\"@id\":\"https:\/\/cadenacentropopular.com\/#website\"},\"primaryImageOfPage\":{\"@id\":\"https:\/\/cadenacentropopular.com\/index.php\/2022\/08\/16\/alejandro-dempke-se-despidio-de-la-barra-fue-un-sueno-y-lo-cumpli\/#primaryimage\"},\"image\":{\"@id\":\"https:\/\/cadenacentropopular.com\/index.php\/2022\/08\/16\/alejandro-dempke-se-despidio-de-la-barra-fue-un-sueno-y-lo-cumpli\/#primaryimage\"},\"thumbnailUrl\":\"https:\/\/cadenacentropopular.com\/wp-content\/uploads\/2022\/08\/Ale-Dempke-y-la-pepa-en-La-Barra.jpg\",\"datePublished\":\"2022-08-16T14:55:03+00:00\",\"dateModified\":\"2022-08-16T14:55:03+00:00\",\"description\":\"El cantante acompa\u00f1\u00f3 por m\u00e1s de 9 a\u00f1os a la \\\"Pepa\\\" Brizuela y agradeci\u00f3 la oportunidad.\",\"breadcrumb\":{\"@id\":\"https:\/\/cadenacentropopular.com\/index.php\/2022\/08\/16\/alejandro-dempke-se-despidio-de-la-barra-fue-un-sueno-y-lo-cumpli\/#breadcrumb\"},\"inLanguage\":\"en-US\",\"potentialAction\":[{\"@type\":\"ReadAction\",\"target\":[\"https:\/\/cadenacentropopular.com\/index.php\/2022\/08\/16\/alejandro-dempke-se-despidio-de-la-barra-fue-un-sueno-y-lo-cumpli\/\"]}]},{\"@type\":\"ImageObject\",\"inLanguage\":\"en-US\",\"@id\":\"https:\/\/cadenacentropopular.com\/index.php\/2022\/08\/16\/alejandro-dempke-se-despidio-de-la-barra-fue-un-sueno-y-lo-cumpli\/#primaryimage\",\"url\":\"https:\/\/cadenacentropopular.com\/wp-content\/uploads\/2022\/08\/Ale-Dempke-y-la-pepa-en-La-Barra.jpg\",\"contentUrl\":\"https:\/\/cadenacentropopular.com\/wp-content\/uploads\/2022\/08\/Ale-Dempke-y-la-pepa-en-La-Barra.jpg\",\"width\":791,\"height\":445},{\"@type\":\"BreadcrumbList\",\"@id\":\"https:\/\/cadenacentropopular.com\/index.php\/2022\/08\/16\/alejandro-dempke-se-despidio-de-la-barra-fue-un-sueno-y-lo-cumpli\/#breadcrumb\",\"itemListElement\":[{\"@type\":\"ListItem\",\"position\":1,\"name\":\"Home\",\"item\":\"https:\/\/cadenacentropopular.com\/\"},{\"@type\":\"ListItem\",\"position\":2,\"name\":\"Alejandro Dempke se despidi\u00f3 de La Barra: \u201cFue un sue\u00f1o y lo cumpl\u00ed\u201d\"}]},{\"@type\":\"WebSite\",\"@id\":\"https:\/\/cadenacentropopular.com\/#website\",\"url\":\"https:\/\/cadenacentropopular.com\/\",\"name\":\"CADENA CENTRO POPULAR\",\"description\":\"\",\"publisher\":{\"@id\":\"https:\/\/cadenacentropopular.com\/#organization\"},\"potentialAction\":[{\"@type\":\"SearchAction\",\"target\":{\"@type\":\"EntryPoint\",\"urlTemplate\":\"https:\/\/cadenacentropopular.com\/?s={search_term_string}\"},\"query-input\":\"required name=search_term_string\"}],\"inLanguage\":\"en-US\"},{\"@type\":\"Organization\",\"@id\":\"https:\/\/cadenacentropopular.com\/#organization\",\"name\":\"CADENA CENTRO POPULAR\",\"url\":\"https:\/\/cadenacentropopular.com\/\",\"logo\":{\"@type\":\"ImageObject\",\"inLanguage\":\"en-US\",\"@id\":\"https:\/\/cadenacentropopular.com\/#\/schema\/logo\/image\/\",\"url\":\"http:\/\/cadenacentropopular.com\/wp-content\/uploads\/2022\/04\/portada.png\",\"contentUrl\":\"http:\/\/cadenacentropopular.com\/wp-content\/uploads\/2022\/04\/portada.png\",\"width\":5317,\"height\":1962,\"caption\":\"CADENA CENTRO POPULAR\"},\"image\":{\"@id\":\"https:\/\/cadenacentropopular.com\/#\/schema\/logo\/image\/\"},\"sameAs\":[\"https:\/\/www.facebook.com\/cadenacentropopular\",\"https:\/\/www.instagram.com\/ccentropopular\/\"]},{\"@type\":\"Person\",\"@id\":\"https:\/\/cadenacentropopular.com\/#\/schema\/person\/0729df060fc8b84f539c0129cc09e4ad\",\"name\":\"CcentroPopular\",\"image\":{\"@type\":\"ImageObject\",\"inLanguage\":\"en-US\",\"@id\":\"https:\/\/cadenacentropopular.com\/#\/schema\/person\/image\/\",\"url\":\"https:\/\/secure.gravatar.com\/avatar\/e3f77d046163f2c4e6977af93d588471?s=96&d=mm&r=g\",\"contentUrl\":\"https:\/\/secure.gravatar.com\/avatar\/e3f77d046163f2c4e6977af93d588471?s=96&d=mm&r=g\",\"caption\":\"CcentroPopular\"},\"sameAs\":[\"http:\/\/cadenacentropopular.com\"],\"url\":\"https:\/\/cadenacentropopular.com\/index.php\/author\/maguiz\/\"}]}<\/script>\n<!-- \/ Yoast SEO plugin. -->","yoast_head_json":{"title":"Alejandro Dempke se despidi\u00f3 de La Barra: \u201cFue un sue\u00f1o y lo cumpl\u00ed\u201d - CADENA CENTRO POPULAR","description":"El cantante acompa\u00f1\u00f3 por m\u00e1s de 9 a\u00f1os a la \"Pepa\" Brizuela y agradeci\u00f3 la oportunidad.","robots":{"index":"index","follow":"follow","max-snippet":"max-snippet:-1","max-image-preview":"max-image-preview:large","max-video-preview":"max-video-preview:-1"},"canonical":"https:\/\/cadenacentropopular.com\/index.php\/2022\/08\/16\/alejandro-dempke-se-despidio-de-la-barra-fue-un-sueno-y-lo-cumpli\/","og_locale":"en_US","og_type":"article","og_title":"Alejandro Dempke se despidi\u00f3 de La Barra: \u201cFue un sue\u00f1o y lo cumpl\u00ed\u201d - CADENA CENTRO POPULAR","og_description":"El cantante acompa\u00f1\u00f3 por m\u00e1s de 9 a\u00f1os a la \"Pepa\" Brizuela y agradeci\u00f3 la oportunidad.","og_url":"https:\/\/cadenacentropopular.com\/index.php\/2022\/08\/16\/alejandro-dempke-se-despidio-de-la-barra-fue-un-sueno-y-lo-cumpli\/","og_site_name":"CADENA CENTRO POPULAR","article_publisher":"https:\/\/www.facebook.com\/cadenacentropopular","article_published_time":"2022-08-16T14:55:03+00:00","og_image":[{"width":791,"height":445,"url":"http:\/\/cadenacentropopular.com\/wp-content\/uploads\/2022\/08\/Ale-Dempke-y-la-pepa-en-La-Barra.jpg","type":"image\/jpeg"}],"author":"CcentroPopular","twitter_card":"summary_large_image","twitter_misc":{"Written by":"CcentroPopular","Est. reading time":"2 minutes"},"schema":{"@context":"https:\/\/schema.org","@graph":[{"@type":"Article","@id":"https:\/\/cadenacentropopular.com\/index.php\/2022\/08\/16\/alejandro-dempke-se-despidio-de-la-barra-fue-un-sueno-y-lo-cumpli\/#article","isPartOf":{"@id":"https:\/\/cadenacentropopular.com\/index.php\/2022\/08\/16\/alejandro-dempke-se-despidio-de-la-barra-fue-un-sueno-y-lo-cumpli\/"},"author":{"name":"CcentroPopular","@id":"https:\/\/cadenacentropopular.com\/#\/schema\/person\/0729df060fc8b84f539c0129cc09e4ad"},"headline":"Alejandro Dempke se despidi\u00f3 de La Barra: \u201cFue un sue\u00f1o y lo cumpl\u00ed\u201d","datePublished":"2022-08-16T14:55:03+00:00","dateModified":"2022-08-16T14:55:03+00:00","mainEntityOfPage":{"@id":"https:\/\/cadenacentropopular.com\/index.php\/2022\/08\/16\/alejandro-dempke-se-despidio-de-la-barra-fue-un-sueno-y-lo-cumpli\/"},"wordCount":308,"commentCount":0,"publisher":{"@id":"https:\/\/cadenacentropopular.com\/#organization"},"image":{"@id":"https:\/\/cadenacentropopular.com\/index.php\/2022\/08\/16\/alejandro-dempke-se-despidio-de-la-barra-fue-un-sueno-y-lo-cumpli\/#primaryimage"},"thumbnailUrl":"https:\/\/cadenacentropopular.com\/wp-content\/uploads\/2022\/08\/Ale-Dempke-y-la-pepa-en-La-Barra.jpg","keywords":["ale dempke","cuarteto","la barra","pepa brizuela"],"articleSection":["cuarteto"],"inLanguage":"en-US","potentialAction":[{"@type":"CommentAction","name":"Comment","target":["https:\/\/cadenacentropopular.com\/index.php\/2022\/08\/16\/alejandro-dempke-se-despidio-de-la-barra-fue-un-sueno-y-lo-cumpli\/#respond"]}]},{"@type":"WebPage","@id":"https:\/\/cadenacentropopular.com\/index.php\/2022\/08\/16\/alejandro-dempke-se-despidio-de-la-barra-fue-un-sueno-y-lo-cumpli\/","url":"https:\/\/cadenacentropopular.com\/index.php\/2022\/08\/16\/alejandro-dempke-se-despidio-de-la-barra-fue-un-sueno-y-lo-cumpli\/","name":"Alejandro Dempke se despidi\u00f3 de La Barra: \u201cFue un sue\u00f1o y lo cumpl\u00ed\u201d - CADENA CENTRO POPULAR","isPartOf":{"@id":"https:\/\/cadenacentropopular.com\/#website"},"primaryImageOfPage":{"@id":"https:\/\/cadenacentropopular.com\/index.php\/2022\/08\/16\/alejandro-dempke-se-despidio-de-la-barra-fue-un-sueno-y-lo-cumpli\/#primaryimage"},"image":{"@id":"https:\/\/cadenacentropopular.com\/index.php\/2022\/08\/16\/alejandro-dempke-se-despidio-de-la-barra-fue-un-sueno-y-lo-cumpli\/#primaryimage"},"thumbnailUrl":"https:\/\/cadenacentropopular.com\/wp-content\/uploads\/2022\/08\/Ale-Dempke-y-la-pepa-en-La-Barra.jpg","datePublished":"2022-08-16T14:55:03+00:00","dateModified":"2022-08-16T14:55:03+00:00","description":"El cantante acompa\u00f1\u00f3 por m\u00e1s de 9 a\u00f1os a la \"Pepa\" Brizuela y agradeci\u00f3 la oportunidad.","breadcrumb":{"@id":"https:\/\/cadenacentropopular.com\/index.php\/2022\/08\/16\/alejandro-dempke-se-despidio-de-la-barra-fue-un-sueno-y-lo-cumpli\/#breadcrumb"},"inLanguage":"en-US","potentialAction":[{"@type":"ReadAction","target":["https:\/\/cadenacentropopular.com\/index.php\/2022\/08\/16\/alejandro-dempke-se-despidio-de-la-barra-fue-un-sueno-y-lo-cumpli\/"]}]},{"@type":"ImageObject","inLanguage":"en-US","@id":"https:\/\/cadenacentropopular.com\/index.php\/2022\/08\/16\/alejandro-dempke-se-despidio-de-la-barra-fue-un-sueno-y-lo-cumpli\/#primaryimage","url":"https:\/\/cadenacentropopular.com\/wp-content\/uploads\/2022\/08\/Ale-Dempke-y-la-pepa-en-La-Barra.jpg","contentUrl":"https:\/\/cadenacentropopular.com\/wp-content\/uploads\/2022\/08\/Ale-Dempke-y-la-pepa-en-La-Barra.jpg","width":791,"height":445},{"@type":"BreadcrumbList","@id":"https:\/\/cadenacentropopular.com\/index.php\/2022\/08\/16\/alejandro-dempke-se-despidio-de-la-barra-fue-un-sueno-y-lo-cumpli\/#breadcrumb","itemListElement":[{"@type":"ListItem","position":1,"name":"Home","item":"https:\/\/cadenacentropopular.com\/"},{"@type":"ListItem","position":2,"name":"Alejandro Dempke se despidi\u00f3 de La Barra: \u201cFue un sue\u00f1o y lo cumpl\u00ed\u201d"}]},{"@type":"WebSite","@id":"https:\/\/cadenacentropopular.com\/#website","url":"https:\/\/cadenacentropopular.com\/","name":"CADENA CENTRO POPULAR","description":"","publisher":{"@id":"https:\/\/cadenacentropopular.com\/#organization"},"potentialAction":[{"@type":"SearchAction","target":{"@type":"EntryPoint","urlTemplate":"https:\/\/cadenacentropopular.com\/?s={search_term_string}"},"query-input":"required name=search_term_string"}],"inLanguage":"en-US"},{"@type":"Organization","@id":"https:\/\/cadenacentropopular.com\/#organization","name":"CADENA CENTRO POPULAR","url":"https:\/\/cadenacentropopular.com\/","logo":{"@type":"ImageObject","inLanguage":"en-US","@id":"https:\/\/cadenacentropopular.com\/#\/schema\/logo\/image\/","url":"http:\/\/cadenacentropopular.com\/wp-content\/uploads\/2022\/04\/portada.png","contentUrl":"http:\/\/cadenacentropopular.com\/wp-content\/uploads\/2022\/04\/portada.png","width":5317,"height":1962,"caption":"CADENA CENTRO POPULAR"},"image":{"@id":"https:\/\/cadenacentropopular.com\/#\/schema\/logo\/image\/"},"sameAs":["https:\/\/www.facebook.com\/cadenacentropopular","https:\/\/www.instagram.com\/ccentropopular\/"]},{"@type":"Person","@id":"https:\/\/cadenacentropopular.com\/#\/schema\/person\/0729df060fc8b84f539c0129cc09e4ad","name":"CcentroPopular","image":{"@type":"ImageObject","inLanguage":"en-US","@id":"https:\/\/cadenacentropopular.com\/#\/schema\/person\/image\/","url":"https:\/\/secure.gravatar.com\/avatar\/e3f77d046163f2c4e6977af93d588471?s=96&d=mm&r=g","contentUrl":"https:\/\/secure.gravatar.com\/avatar\/e3f77d046163f2c4e6977af93d588471?s=96&d=mm&r=g","caption":"CcentroPopular"},"sameAs":["http:\/\/cadenacentropopular.com"],"url":"https:\/\/cadenacentropopular.com\/index.php\/author\/maguiz\/"}]}},"_links":{"self":[{"href":"https:\/\/cadenacentropopular.com\/index.php\/wp-json\/wp\/v2\/posts\/250"}],"collection":[{"href":"https:\/\/cadenacentropopular.com\/index.php\/wp-json\/wp\/v2\/posts"}],"about":[{"href":"https:\/\/cadenacentropopular.com\/index.php\/wp-json\/wp\/v2\/types\/post"}],"author":[{"embeddable":true,"href":"https:\/\/cadenacentropopular.com\/index.php\/wp-json\/wp\/v2\/users\/1"}],"replies":[{"embeddable":true,"href":"https:\/\/cadenacentropopular.com\/index.php\/wp-json\/wp\/v2\/comments?post=250"}],"version-history":[{"count":1,"href":"https:\/\/cadenacentropopular.com\/index.php\/wp-json\/wp\/v2\/posts\/250\/revisions"}],"predecessor-version":[{"id":252,"href":"https:\/\/cadenacentropopular.com\/index.php\/wp-json\/wp\/v2\/posts\/250\/revisions\/252"}],"wp:featuredmedia":[{"embeddable":true,"href":"https:\/\/cadenacentropopular.com\/index.php\/wp-json\/wp\/v2\/media\/251"}],"wp:attachment":[{"href":"https:\/\/cadenacentropopular.com\/index.php\/wp-json\/wp\/v2\/media?parent=250"}],"wp:term":[{"taxonomy":"category","embeddable":true,"href":"https:\/\/cadenacentropopular.com\/index.php\/wp-json\/wp\/v2\/categories?post=250"},{"taxonomy":"post_tag","embeddable":true,"href":"https:\/\/cadenacentropopular.com\/index.php\/wp-json\/wp\/v2\/tags?post=250"}],"curies":[{"name":"wp","href":"https:\/\/api.w.org\/{rel}","templated":true}]}}