{"id":190,"date":"2022-05-20T12:19:18","date_gmt":"2022-05-20T12:19:18","guid":{"rendered":"https:\/\/cadenacentropopular.com\/?p=190"},"modified":"2022-05-20T12:19:18","modified_gmt":"2022-05-20T12:19:18","slug":"jean-carlos-festeja-sus-26-anos-de-carrera-en-villa-retiro","status":"publish","type":"post","link":"https:\/\/cadenacentropopular.com\/index.php\/2022\/05\/20\/jean-carlos-festeja-sus-26-anos-de-carrera-en-villa-retiro\/","title":{"rendered":"Jean Carlos festeja sus 26 a\u00f1os de carrera en Villa Retiro"},"content":{"rendered":"<p>El Rey del Mambo lo anunci\u00f3 en redes sociales con una foto retro. Cadena Centro Popular junto a La Popu seran parte y estar\u00e1n presente en su celebraci\u00f3n para que puedas disfrutarlo por la radio.<\/p>\n<p>Jean Carlos prepara un bailazo por sus 26 a\u00f1os de carrera. El evento tendr\u00e1 el lugar en Villa Retiro el s\u00e1bado 21 de mayo y La Popu estar\u00e1 presente transmitiendo en vivo.<\/p>\n<p>En su flyer publicitario el artista prometi\u00f3 &#8220;70 canciones y millones de recuerdo&#8221;, y comparti\u00f3 tambi\u00e9n una foto retro de sus inicios en el mundo de la m\u00fasica.<\/p>\n<blockquote class=\"instagram-media\" style=\"background: #FFF; border: 0; border-radius: 3px; box-shadow: 0 0 1px 0 rgba(0,0,0,0.5),0 1px 10px 0 rgba(0,0,0,0.15); margin: 1px; max-width: 540px; min-width: 326px; padding: 0; width: calc(100% - 2px);\" data-instgrm-captioned=\"\" data-instgrm-permalink=\"https:\/\/www.instagram.com\/p\/CdqcNveLbiI\/?utm_source=ig_embed&amp;utm_campaign=loading\" data-instgrm-version=\"14\">\n<div style=\"padding: 16px;\">\n<p>&nbsp;<\/p>\n<div style=\"display: flex; flex-direction: row; align-items: center;\">\n<div style=\"background-color: #f4f4f4; border-radius: 50%; flex-grow: 0; height: 40px; margin-right: 14px; width: 40px;\"><\/div>\n<div style=\"display: flex; flex-direction: column; flex-grow: 1; justify-content: center;\">\n<div style=\"background-color: #f4f4f4; border-radius: 4px; flex-grow: 0; height: 14px; margin-bottom: 6px; width: 100px;\"><\/div>\n<div style=\"background-color: #f4f4f4; border-radius: 4px; flex-grow: 0; height: 14px; width: 60px;\"><\/div>\n<\/div>\n<\/div>\n<div style=\"padding: 19% 0;\"><\/div>\n<div style=\"display: block; height: 50px; margin: 0 auto 12px; width: 50px;\"><\/div>\n<div style=\"padding-top: 8px;\">\n<div style=\"color: #3897f0; font-family: Arial,sans-serif; font-size: 14px; font-style: normal; font-weight: 550; line-height: 18px;\">Ver esta publicaci\u00f3n en Instagram<\/div>\n<\/div>\n<div style=\"padding: 12.5% 0;\"><\/div>\n<div style=\"display: flex; flex-direction: row; margin-bottom: 14px; align-items: center;\">\n<div>\n<div style=\"background-color: #f4f4f4; border-radius: 50%; height: 12.5px; width: 12.5px; transform: translateX(0px) translateY(7px);\"><\/div>\n<div style=\"background-color: #f4f4f4; height: 12.5px; transform: rotate(-45deg) translateX(3px) translateY(1px); width: 12.5px; flex-grow: 0; margin-right: 14px; margin-left: 2px;\"><\/div>\n<div style=\"background-color: #f4f4f4; border-radius: 50%; height: 12.5px; width: 12.5px; transform: translateX(9px) translateY(-18px);\"><\/div>\n<\/div>\n<div style=\"margin-left: 8px;\">\n<div style=\"background-color: #f4f4f4; border-radius: 50%; flex-grow: 0; height: 20px; width: 20px;\"><\/div>\n<div style=\"width: 0; height: 0; border-top: 2px solid transparent; border-left: 6px solid #f4f4f4; border-bottom: 2px solid transparent; transform: translateX(16px) translateY(-4px) rotate(30deg);\"><\/div>\n<\/div>\n<div style=\"margin-left: auto;\">\n<div style=\"width: 0px; border-top: 8px solid #F4F4F4; border-right: 8px solid transparent; transform: translateY(16px);\"><\/div>\n<div style=\"background-color: #f4f4f4; flex-grow: 0; height: 12px; width: 16px; transform: translateY(-4px);\"><\/div>\n<div style=\"width: 0; height: 0; border-top: 8px solid #F4F4F4; border-left: 8px solid transparent; transform: translateY(-4px) translateX(8px);\"><\/div>\n<\/div>\n<\/div>\n<div style=\"display: flex; flex-direction: column; flex-grow: 1; justify-content: center; margin-bottom: 24px;\">\n<div style=\"background-color: #f4f4f4; border-radius: 4px; flex-grow: 0; height: 14px; margin-bottom: 6px; width: 224px;\"><\/div>\n<div style=\"background-color: #f4f4f4; border-radius: 4px; flex-grow: 0; height: 14px; width: 144px;\"><\/div>\n<\/div>\n<p>&nbsp;<\/p>\n<p style=\"color: #c9c8cd; font-family: Arial,sans-serif; font-size: 14px; line-height: 17px; margin-bottom: 0; margin-top: 8px; overflow: hidden; padding: 8px 0 7px; text-align: center; text-overflow: ellipsis; white-space: nowrap;\"><a style=\"color: #c9c8cd; font-family: Arial,sans-serif; font-size: 14px; font-style: normal; font-weight: normal; line-height: 17px; text-decoration: none;\" href=\"https:\/\/www.instagram.com\/p\/CdqcNveLbiI\/?utm_source=ig_embed&amp;utm_campaign=loading\" target=\"_blank\" rel=\"noopener\">Una publicaci\u00f3n compartida por Jean Carlos (@jeancarlos.ok)<\/a><\/p>\n<\/div>\n<\/blockquote>\n<p><script async src=\"\/\/www.instagram.com\/embed.js\"><\/script><\/p>\n<p>En la previa a Jean Carlos la banda &#8220;El Maquin\u00f3n&#8221; ser\u00e1 la encargada de animar el show.<\/p>\n<p>Desde la organizaci\u00f3n informaron que habr\u00e1 colectivos gratuitos que saldr\u00e1n del Patio Olmos a partir de las 22.30<\/p>\n<p>&nbsp;<\/p>\n","protected":false},"excerpt":{"rendered":"<p>El Rey del Mambo lo anunci\u00f3 en redes sociales con una foto retro. Cadena Centro Popular junto a La Popu seran parte y estar\u00e1n presente en su celebraci\u00f3n para que puedas disfrutarlo por la radio. Jean Carlos prepara un bailazo por sus 26 a\u00f1os de carrera. El evento tendr\u00e1 el lugar en Villa Retiro el&#8230;<\/p>\n","protected":false},"author":1,"featured_media":191,"comment_status":"open","ping_status":"open","sticky":false,"template":"","format":"standard","meta":{"_monsterinsights_skip_tracking":false,"_monsterinsights_sitenote_active":false,"_monsterinsights_sitenote_note":"","_monsterinsights_sitenote_category":0,"_kad_post_transparent":"default","_kad_post_title":"default","_kad_post_layout":"default","_kad_post_sidebar_id":"","_kad_post_content_style":"default","_kad_post_vertical_padding":"default","_kad_post_feature":"","_kad_post_feature_position":"","_kad_post_header":false,"_kad_post_footer":false,"footnotes":""},"categories":[9],"tags":[40,16,39],"yoast_head":"<!-- This site is optimized with the Yoast SEO plugin v23.3 - https:\/\/yoast.com\/wordpress\/plugins\/seo\/ -->\n<title>Jean Carlos festeja sus 26 a\u00f1os de carrera en Villa Retiro - CADENA CENTRO POPULAR<\/title>\n<meta name=\"description\" content=\"El Rey del Mambo lo anunci\u00f3 en redes sociales con una foto retro. Cadena Centro Popular junto a La Popu seran parte y estar\u00e1n presente en su celebraci\u00f3n para que puedas disfrutarlo por la radio.\" \/>\n<meta name=\"robots\" content=\"index, follow, max-snippet:-1, max-image-preview:large, max-video-preview:-1\" \/>\n<link rel=\"canonical\" href=\"https:\/\/cadenacentropopular.com\/index.php\/2022\/05\/20\/jean-carlos-festeja-sus-26-anos-de-carrera-en-villa-retiro\/\" \/>\n<meta property=\"og:locale\" content=\"en_US\" \/>\n<meta property=\"og:type\" content=\"article\" \/>\n<meta property=\"og:title\" content=\"Jean Carlos festeja sus 26 a\u00f1os de carrera en Villa Retiro - CADENA CENTRO POPULAR\" \/>\n<meta property=\"og:description\" content=\"El Rey del Mambo lo anunci\u00f3 en redes sociales con una foto retro. Cadena Centro Popular junto a La Popu seran parte y estar\u00e1n presente en su celebraci\u00f3n para que puedas disfrutarlo por la radio.\" \/>\n<meta property=\"og:url\" content=\"https:\/\/cadenacentropopular.com\/index.php\/2022\/05\/20\/jean-carlos-festeja-sus-26-anos-de-carrera-en-villa-retiro\/\" \/>\n<meta property=\"og:site_name\" content=\"CADENA CENTRO POPULAR\" \/>\n<meta property=\"article:publisher\" content=\"https:\/\/www.facebook.com\/cadenacentropopular\" \/>\n<meta property=\"article:published_time\" content=\"2022-05-20T12:19:18+00:00\" \/>\n<meta property=\"og:image\" content=\"http:\/\/cadenacentropopular.com\/wp-content\/uploads\/2022\/05\/ARCHI_920449.jpg\" \/>\n\t<meta property=\"og:image:width\" content=\"760\" \/>\n\t<meta property=\"og:image:height\" content=\"427\" \/>\n\t<meta property=\"og:image:type\" content=\"image\/jpeg\" \/>\n<meta name=\"author\" content=\"CcentroPopular\" \/>\n<meta name=\"twitter:card\" content=\"summary_large_image\" \/>\n<meta name=\"twitter:label1\" content=\"Written by\" \/>\n\t<meta name=\"twitter:data1\" content=\"CcentroPopular\" \/>\n\t<meta name=\"twitter:label2\" content=\"Est. reading time\" \/>\n\t<meta name=\"twitter:data2\" content=\"1 minute\" \/>\n<script type=\"application\/ld+json\" class=\"yoast-schema-graph\">{\"@context\":\"https:\/\/schema.org\",\"@graph\":[{\"@type\":\"Article\",\"@id\":\"https:\/\/cadenacentropopular.com\/index.php\/2022\/05\/20\/jean-carlos-festeja-sus-26-anos-de-carrera-en-villa-retiro\/#article\",\"isPartOf\":{\"@id\":\"https:\/\/cadenacentropopular.com\/index.php\/2022\/05\/20\/jean-carlos-festeja-sus-26-anos-de-carrera-en-villa-retiro\/\"},\"author\":{\"name\":\"CcentroPopular\",\"@id\":\"https:\/\/cadenacentropopular.com\/#\/schema\/person\/0729df060fc8b84f539c0129cc09e4ad\"},\"headline\":\"Jean Carlos festeja sus 26 a\u00f1os de carrera en Villa Retiro\",\"datePublished\":\"2022-05-20T12:19:18+00:00\",\"dateModified\":\"2022-05-20T12:19:18+00:00\",\"mainEntityOfPage\":{\"@id\":\"https:\/\/cadenacentropopular.com\/index.php\/2022\/05\/20\/jean-carlos-festeja-sus-26-anos-de-carrera-en-villa-retiro\/\"},\"wordCount\":164,\"commentCount\":0,\"publisher\":{\"@id\":\"https:\/\/cadenacentropopular.com\/#organization\"},\"image\":{\"@id\":\"https:\/\/cadenacentropopular.com\/index.php\/2022\/05\/20\/jean-carlos-festeja-sus-26-anos-de-carrera-en-villa-retiro\/#primaryimage\"},\"thumbnailUrl\":\"https:\/\/cadenacentropopular.com\/wp-content\/uploads\/2022\/05\/ARCHI_920449.jpg\",\"keywords\":[\"26 a\u00f1os en villa retiro\",\"cadena centro popular\",\"jean carlos\"],\"articleSection\":[\"cuarteto\"],\"inLanguage\":\"en-US\",\"potentialAction\":[{\"@type\":\"CommentAction\",\"name\":\"Comment\",\"target\":[\"https:\/\/cadenacentropopular.com\/index.php\/2022\/05\/20\/jean-carlos-festeja-sus-26-anos-de-carrera-en-villa-retiro\/#respond\"]}]},{\"@type\":\"WebPage\",\"@id\":\"https:\/\/cadenacentropopular.com\/index.php\/2022\/05\/20\/jean-carlos-festeja-sus-26-anos-de-carrera-en-villa-retiro\/\",\"url\":\"https:\/\/cadenacentropopular.com\/index.php\/2022\/05\/20\/jean-carlos-festeja-sus-26-anos-de-carrera-en-villa-retiro\/\",\"name\":\"Jean Carlos festeja sus 26 a\u00f1os de carrera en Villa Retiro - CADENA CENTRO POPULAR\",\"isPartOf\":{\"@id\":\"https:\/\/cadenacentropopular.com\/#website\"},\"primaryImageOfPage\":{\"@id\":\"https:\/\/cadenacentropopular.com\/index.php\/2022\/05\/20\/jean-carlos-festeja-sus-26-anos-de-carrera-en-villa-retiro\/#primaryimage\"},\"image\":{\"@id\":\"https:\/\/cadenacentropopular.com\/index.php\/2022\/05\/20\/jean-carlos-festeja-sus-26-anos-de-carrera-en-villa-retiro\/#primaryimage\"},\"thumbnailUrl\":\"https:\/\/cadenacentropopular.com\/wp-content\/uploads\/2022\/05\/ARCHI_920449.jpg\",\"datePublished\":\"2022-05-20T12:19:18+00:00\",\"dateModified\":\"2022-05-20T12:19:18+00:00\",\"description\":\"El Rey del Mambo lo anunci\u00f3 en redes sociales con una foto retro. Cadena Centro Popular junto a La Popu seran parte y estar\u00e1n presente en su celebraci\u00f3n para que puedas disfrutarlo por la radio.\",\"breadcrumb\":{\"@id\":\"https:\/\/cadenacentropopular.com\/index.php\/2022\/05\/20\/jean-carlos-festeja-sus-26-anos-de-carrera-en-villa-retiro\/#breadcrumb\"},\"inLanguage\":\"en-US\",\"potentialAction\":[{\"@type\":\"ReadAction\",\"target\":[\"https:\/\/cadenacentropopular.com\/index.php\/2022\/05\/20\/jean-carlos-festeja-sus-26-anos-de-carrera-en-villa-retiro\/\"]}]},{\"@type\":\"ImageObject\",\"inLanguage\":\"en-US\",\"@id\":\"https:\/\/cadenacentropopular.com\/index.php\/2022\/05\/20\/jean-carlos-festeja-sus-26-anos-de-carrera-en-villa-retiro\/#primaryimage\",\"url\":\"https:\/\/cadenacentropopular.com\/wp-content\/uploads\/2022\/05\/ARCHI_920449.jpg\",\"contentUrl\":\"https:\/\/cadenacentropopular.com\/wp-content\/uploads\/2022\/05\/ARCHI_920449.jpg\",\"width\":760,\"height\":427},{\"@type\":\"BreadcrumbList\",\"@id\":\"https:\/\/cadenacentropopular.com\/index.php\/2022\/05\/20\/jean-carlos-festeja-sus-26-anos-de-carrera-en-villa-retiro\/#breadcrumb\",\"itemListElement\":[{\"@type\":\"ListItem\",\"position\":1,\"name\":\"Home\",\"item\":\"https:\/\/cadenacentropopular.com\/\"},{\"@type\":\"ListItem\",\"position\":2,\"name\":\"Jean Carlos festeja sus 26 a\u00f1os de carrera en Villa Retiro\"}]},{\"@type\":\"WebSite\",\"@id\":\"https:\/\/cadenacentropopular.com\/#website\",\"url\":\"https:\/\/cadenacentropopular.com\/\",\"name\":\"CADENA CENTRO POPULAR\",\"description\":\"\",\"publisher\":{\"@id\":\"https:\/\/cadenacentropopular.com\/#organization\"},\"potentialAction\":[{\"@type\":\"SearchAction\",\"target\":{\"@type\":\"EntryPoint\",\"urlTemplate\":\"https:\/\/cadenacentropopular.com\/?s={search_term_string}\"},\"query-input\":\"required name=search_term_string\"}],\"inLanguage\":\"en-US\"},{\"@type\":\"Organization\",\"@id\":\"https:\/\/cadenacentropopular.com\/#organization\",\"name\":\"CADENA CENTRO POPULAR\",\"url\":\"https:\/\/cadenacentropopular.com\/\",\"logo\":{\"@type\":\"ImageObject\",\"inLanguage\":\"en-US\",\"@id\":\"https:\/\/cadenacentropopular.com\/#\/schema\/logo\/image\/\",\"url\":\"http:\/\/cadenacentropopular.com\/wp-content\/uploads\/2022\/04\/portada.png\",\"contentUrl\":\"http:\/\/cadenacentropopular.com\/wp-content\/uploads\/2022\/04\/portada.png\",\"width\":5317,\"height\":1962,\"caption\":\"CADENA CENTRO POPULAR\"},\"image\":{\"@id\":\"https:\/\/cadenacentropopular.com\/#\/schema\/logo\/image\/\"},\"sameAs\":[\"https:\/\/www.facebook.com\/cadenacentropopular\",\"https:\/\/www.instagram.com\/ccentropopular\/\"]},{\"@type\":\"Person\",\"@id\":\"https:\/\/cadenacentropopular.com\/#\/schema\/person\/0729df060fc8b84f539c0129cc09e4ad\",\"name\":\"CcentroPopular\",\"image\":{\"@type\":\"ImageObject\",\"inLanguage\":\"en-US\",\"@id\":\"https:\/\/cadenacentropopular.com\/#\/schema\/person\/image\/\",\"url\":\"https:\/\/secure.gravatar.com\/avatar\/e3f77d046163f2c4e6977af93d588471?s=96&d=mm&r=g\",\"contentUrl\":\"https:\/\/secure.gravatar.com\/avatar\/e3f77d046163f2c4e6977af93d588471?s=96&d=mm&r=g\",\"caption\":\"CcentroPopular\"},\"sameAs\":[\"http:\/\/cadenacentropopular.com\"],\"url\":\"https:\/\/cadenacentropopular.com\/index.php\/author\/maguiz\/\"}]}<\/script>\n<!-- \/ Yoast SEO plugin. -->","yoast_head_json":{"title":"Jean Carlos festeja sus 26 a\u00f1os de carrera en Villa Retiro - CADENA CENTRO POPULAR","description":"El Rey del Mambo lo anunci\u00f3 en redes sociales con una foto retro. Cadena Centro Popular junto a La Popu seran parte y estar\u00e1n presente en su celebraci\u00f3n para que puedas disfrutarlo por la radio.","robots":{"index":"index","follow":"follow","max-snippet":"max-snippet:-1","max-image-preview":"max-image-preview:large","max-video-preview":"max-video-preview:-1"},"canonical":"https:\/\/cadenacentropopular.com\/index.php\/2022\/05\/20\/jean-carlos-festeja-sus-26-anos-de-carrera-en-villa-retiro\/","og_locale":"en_US","og_type":"article","og_title":"Jean Carlos festeja sus 26 a\u00f1os de carrera en Villa Retiro - CADENA CENTRO POPULAR","og_description":"El Rey del Mambo lo anunci\u00f3 en redes sociales con una foto retro. Cadena Centro Popular junto a La Popu seran parte y estar\u00e1n presente en su celebraci\u00f3n para que puedas disfrutarlo por la radio.","og_url":"https:\/\/cadenacentropopular.com\/index.php\/2022\/05\/20\/jean-carlos-festeja-sus-26-anos-de-carrera-en-villa-retiro\/","og_site_name":"CADENA CENTRO POPULAR","article_publisher":"https:\/\/www.facebook.com\/cadenacentropopular","article_published_time":"2022-05-20T12:19:18+00:00","og_image":[{"width":760,"height":427,"url":"http:\/\/cadenacentropopular.com\/wp-content\/uploads\/2022\/05\/ARCHI_920449.jpg","type":"image\/jpeg"}],"author":"CcentroPopular","twitter_card":"summary_large_image","twitter_misc":{"Written by":"CcentroPopular","Est. reading time":"1 minute"},"schema":{"@context":"https:\/\/schema.org","@graph":[{"@type":"Article","@id":"https:\/\/cadenacentropopular.com\/index.php\/2022\/05\/20\/jean-carlos-festeja-sus-26-anos-de-carrera-en-villa-retiro\/#article","isPartOf":{"@id":"https:\/\/cadenacentropopular.com\/index.php\/2022\/05\/20\/jean-carlos-festeja-sus-26-anos-de-carrera-en-villa-retiro\/"},"author":{"name":"CcentroPopular","@id":"https:\/\/cadenacentropopular.com\/#\/schema\/person\/0729df060fc8b84f539c0129cc09e4ad"},"headline":"Jean Carlos festeja sus 26 a\u00f1os de carrera en Villa Retiro","datePublished":"2022-05-20T12:19:18+00:00","dateModified":"2022-05-20T12:19:18+00:00","mainEntityOfPage":{"@id":"https:\/\/cadenacentropopular.com\/index.php\/2022\/05\/20\/jean-carlos-festeja-sus-26-anos-de-carrera-en-villa-retiro\/"},"wordCount":164,"commentCount":0,"publisher":{"@id":"https:\/\/cadenacentropopular.com\/#organization"},"image":{"@id":"https:\/\/cadenacentropopular.com\/index.php\/2022\/05\/20\/jean-carlos-festeja-sus-26-anos-de-carrera-en-villa-retiro\/#primaryimage"},"thumbnailUrl":"https:\/\/cadenacentropopular.com\/wp-content\/uploads\/2022\/05\/ARCHI_920449.jpg","keywords":["26 a\u00f1os en villa retiro","cadena centro popular","jean carlos"],"articleSection":["cuarteto"],"inLanguage":"en-US","potentialAction":[{"@type":"CommentAction","name":"Comment","target":["https:\/\/cadenacentropopular.com\/index.php\/2022\/05\/20\/jean-carlos-festeja-sus-26-anos-de-carrera-en-villa-retiro\/#respond"]}]},{"@type":"WebPage","@id":"https:\/\/cadenacentropopular.com\/index.php\/2022\/05\/20\/jean-carlos-festeja-sus-26-anos-de-carrera-en-villa-retiro\/","url":"https:\/\/cadenacentropopular.com\/index.php\/2022\/05\/20\/jean-carlos-festeja-sus-26-anos-de-carrera-en-villa-retiro\/","name":"Jean Carlos festeja sus 26 a\u00f1os de carrera en Villa Retiro - CADENA CENTRO POPULAR","isPartOf":{"@id":"https:\/\/cadenacentropopular.com\/#website"},"primaryImageOfPage":{"@id":"https:\/\/cadenacentropopular.com\/index.php\/2022\/05\/20\/jean-carlos-festeja-sus-26-anos-de-carrera-en-villa-retiro\/#primaryimage"},"image":{"@id":"https:\/\/cadenacentropopular.com\/index.php\/2022\/05\/20\/jean-carlos-festeja-sus-26-anos-de-carrera-en-villa-retiro\/#primaryimage"},"thumbnailUrl":"https:\/\/cadenacentropopular.com\/wp-content\/uploads\/2022\/05\/ARCHI_920449.jpg","datePublished":"2022-05-20T12:19:18+00:00","dateModified":"2022-05-20T12:19:18+00:00","description":"El Rey del Mambo lo anunci\u00f3 en redes sociales con una foto retro. Cadena Centro Popular junto a La Popu seran parte y estar\u00e1n presente en su celebraci\u00f3n para que puedas disfrutarlo por la radio.","breadcrumb":{"@id":"https:\/\/cadenacentropopular.com\/index.php\/2022\/05\/20\/jean-carlos-festeja-sus-26-anos-de-carrera-en-villa-retiro\/#breadcrumb"},"inLanguage":"en-US","potentialAction":[{"@type":"ReadAction","target":["https:\/\/cadenacentropopular.com\/index.php\/2022\/05\/20\/jean-carlos-festeja-sus-26-anos-de-carrera-en-villa-retiro\/"]}]},{"@type":"ImageObject","inLanguage":"en-US","@id":"https:\/\/cadenacentropopular.com\/index.php\/2022\/05\/20\/jean-carlos-festeja-sus-26-anos-de-carrera-en-villa-retiro\/#primaryimage","url":"https:\/\/cadenacentropopular.com\/wp-content\/uploads\/2022\/05\/ARCHI_920449.jpg","contentUrl":"https:\/\/cadenacentropopular.com\/wp-content\/uploads\/2022\/05\/ARCHI_920449.jpg","width":760,"height":427},{"@type":"BreadcrumbList","@id":"https:\/\/cadenacentropopular.com\/index.php\/2022\/05\/20\/jean-carlos-festeja-sus-26-anos-de-carrera-en-villa-retiro\/#breadcrumb","itemListElement":[{"@type":"ListItem","position":1,"name":"Home","item":"https:\/\/cadenacentropopular.com\/"},{"@type":"ListItem","position":2,"name":"Jean Carlos festeja sus 26 a\u00f1os de carrera en Villa Retiro"}]},{"@type":"WebSite","@id":"https:\/\/cadenacentropopular.com\/#website","url":"https:\/\/cadenacentropopular.com\/","name":"CADENA CENTRO POPULAR","description":"","publisher":{"@id":"https:\/\/cadenacentropopular.com\/#organization"},"potentialAction":[{"@type":"SearchAction","target":{"@type":"EntryPoint","urlTemplate":"https:\/\/cadenacentropopular.com\/?s={search_term_string}"},"query-input":"required name=search_term_string"}],"inLanguage":"en-US"},{"@type":"Organization","@id":"https:\/\/cadenacentropopular.com\/#organization","name":"CADENA CENTRO POPULAR","url":"https:\/\/cadenacentropopular.com\/","logo":{"@type":"ImageObject","inLanguage":"en-US","@id":"https:\/\/cadenacentropopular.com\/#\/schema\/logo\/image\/","url":"http:\/\/cadenacentropopular.com\/wp-content\/uploads\/2022\/04\/portada.png","contentUrl":"http:\/\/cadenacentropopular.com\/wp-content\/uploads\/2022\/04\/portada.png","width":5317,"height":1962,"caption":"CADENA CENTRO POPULAR"},"image":{"@id":"https:\/\/cadenacentropopular.com\/#\/schema\/logo\/image\/"},"sameAs":["https:\/\/www.facebook.com\/cadenacentropopular","https:\/\/www.instagram.com\/ccentropopular\/"]},{"@type":"Person","@id":"https:\/\/cadenacentropopular.com\/#\/schema\/person\/0729df060fc8b84f539c0129cc09e4ad","name":"CcentroPopular","image":{"@type":"ImageObject","inLanguage":"en-US","@id":"https:\/\/cadenacentropopular.com\/#\/schema\/person\/image\/","url":"https:\/\/secure.gravatar.com\/avatar\/e3f77d046163f2c4e6977af93d588471?s=96&d=mm&r=g","contentUrl":"https:\/\/secure.gravatar.com\/avatar\/e3f77d046163f2c4e6977af93d588471?s=96&d=mm&r=g","caption":"CcentroPopular"},"sameAs":["http:\/\/cadenacentropopular.com"],"url":"https:\/\/cadenacentropopular.com\/index.php\/author\/maguiz\/"}]}},"_links":{"self":[{"href":"https:\/\/cadenacentropopular.com\/index.php\/wp-json\/wp\/v2\/posts\/190"}],"collection":[{"href":"https:\/\/cadenacentropopular.com\/index.php\/wp-json\/wp\/v2\/posts"}],"about":[{"href":"https:\/\/cadenacentropopular.com\/index.php\/wp-json\/wp\/v2\/types\/post"}],"author":[{"embeddable":true,"href":"https:\/\/cadenacentropopular.com\/index.php\/wp-json\/wp\/v2\/users\/1"}],"replies":[{"embeddable":true,"href":"https:\/\/cadenacentropopular.com\/index.php\/wp-json\/wp\/v2\/comments?post=190"}],"version-history":[{"count":1,"href":"https:\/\/cadenacentropopular.com\/index.php\/wp-json\/wp\/v2\/posts\/190\/revisions"}],"predecessor-version":[{"id":192,"href":"https:\/\/cadenacentropopular.com\/index.php\/wp-json\/wp\/v2\/posts\/190\/revisions\/192"}],"wp:featuredmedia":[{"embeddable":true,"href":"https:\/\/cadenacentropopular.com\/index.php\/wp-json\/wp\/v2\/media\/191"}],"wp:attachment":[{"href":"https:\/\/cadenacentropopular.com\/index.php\/wp-json\/wp\/v2\/media?parent=190"}],"wp:term":[{"taxonomy":"category","embeddable":true,"href":"https:\/\/cadenacentropopular.com\/index.php\/wp-json\/wp\/v2\/categories?post=190"},{"taxonomy":"post_tag","embeddable":true,"href":"https:\/\/cadenacentropopular.com\/index.php\/wp-json\/wp\/v2\/tags?post=190"}],"curies":[{"name":"wp","href":"https:\/\/api.w.org\/{rel}","templated":true}]}}