{"id":173,"date":"2022-05-13T14:26:03","date_gmt":"2022-05-13T14:26:03","guid":{"rendered":"https:\/\/cadenacentropopular.com\/?p=173"},"modified":"2022-05-13T14:26:03","modified_gmt":"2022-05-13T14:26:03","slug":"qlokura-publico-yo-era-en-vivo-en-el-luna-park-junto-a-angela-leiva","status":"publish","type":"post","link":"https:\/\/cadenacentropopular.com\/index.php\/2022\/05\/13\/qlokura-publico-yo-era-en-vivo-en-el-luna-park-junto-a-angela-leiva\/","title":{"rendered":"Q\u2019Lokura public\u00f3 &#8220;Yo era&#8221; en vivo en el Luna Park junto a Angela Leiva"},"content":{"rendered":"<p>El pasado 15 de abril, Q\u2019Lokura se present\u00f3 en estadio Luna Park con entradas totalmente agotadas.<\/p>\n<p>El grupo que lideran Nicolas Sattler y Facundo &#8220;Chino&#8221; Herrera festejaron su cuarto aniversario debutando en el hist\u00f3rico Luna Park con un marco de p\u00fablico inmejorable y con varios invitados:<\/p>\n<p>Hace algunas horas publicaron a trav\u00e9s de su canal de Youtube el video de la canci\u00f3n &#8220;Yo era&#8221; en vivo junto a la cantante tropical Angela Leiva.<\/p>\n<p><iframe title=\"YouTube video player\" src=\"https:\/\/www.youtube.com\/embed\/UfQTAIrwwg0\" width=\"560\" height=\"315\" frameborder=\"0\" allowfullscreen=\"allowfullscreen\"><\/iframe><\/p>\n","protected":false},"excerpt":{"rendered":"<p>El pasado 15 de abril, Q\u2019Lokura se present\u00f3 en estadio Luna Park con entradas totalmente agotadas. El grupo que lideran Nicolas Sattler y Facundo &#8220;Chino&#8221; Herrera festejaron su cuarto aniversario debutando en el hist\u00f3rico Luna Park con un marco de p\u00fablico inmejorable y con varios invitados: Hace algunas horas publicaron a trav\u00e9s de su canal&#8230;<\/p>\n","protected":false},"author":1,"featured_media":174,"comment_status":"open","ping_status":"open","sticky":false,"template":"","format":"standard","meta":{"_monsterinsights_skip_tracking":false,"_monsterinsights_sitenote_active":false,"_monsterinsights_sitenote_note":"","_monsterinsights_sitenote_category":0,"_kad_post_transparent":"default","_kad_post_title":"default","_kad_post_layout":"default","_kad_post_sidebar_id":"","_kad_post_content_style":"default","_kad_post_vertical_padding":"default","_kad_post_feature":"","_kad_post_feature_position":"","_kad_post_header":false,"_kad_post_footer":false,"footnotes":""},"categories":[9],"tags":[24,16,26,23,25],"yoast_head":"<!-- This site is optimized with the Yoast SEO plugin v23.3 - https:\/\/yoast.com\/wordpress\/plugins\/seo\/ -->\n<title>Q\u2019Lokura public\u00f3 &quot;Yo era&quot; en vivo en el Luna Park junto a Angela Leiva - CADENA CENTRO POPULAR<\/title>\n<meta name=\"description\" content=\"El pasado 15 de abril, Q\u2019Lokura se present\u00f3 en estadio Luna Park con entradas totalmente agotadas.\" \/>\n<meta name=\"robots\" content=\"index, follow, max-snippet:-1, max-image-preview:large, max-video-preview:-1\" \/>\n<link rel=\"canonical\" href=\"https:\/\/cadenacentropopular.com\/index.php\/2022\/05\/13\/qlokura-publico-yo-era-en-vivo-en-el-luna-park-junto-a-angela-leiva\/\" \/>\n<meta property=\"og:locale\" content=\"en_US\" \/>\n<meta property=\"og:type\" content=\"article\" \/>\n<meta property=\"og:title\" content=\"Q\u2019Lokura public\u00f3 &quot;Yo era&quot; en vivo en el Luna Park junto a Angela Leiva - CADENA CENTRO POPULAR\" \/>\n<meta property=\"og:description\" content=\"El pasado 15 de abril, Q\u2019Lokura se present\u00f3 en estadio Luna Park con entradas totalmente agotadas.\" \/>\n<meta property=\"og:url\" content=\"https:\/\/cadenacentropopular.com\/index.php\/2022\/05\/13\/qlokura-publico-yo-era-en-vivo-en-el-luna-park-junto-a-angela-leiva\/\" \/>\n<meta property=\"og:site_name\" content=\"CADENA CENTRO POPULAR\" \/>\n<meta property=\"article:publisher\" content=\"https:\/\/www.facebook.com\/cadenacentropopular\" \/>\n<meta property=\"article:published_time\" content=\"2022-05-13T14:26:03+00:00\" \/>\n<meta property=\"og:image\" content=\"http:\/\/cadenacentropopular.com\/wp-content\/uploads\/2022\/05\/1-1024x576.png\" \/>\n\t<meta property=\"og:image:width\" content=\"1024\" \/>\n\t<meta property=\"og:image:height\" content=\"576\" \/>\n\t<meta property=\"og:image:type\" content=\"image\/png\" \/>\n<meta name=\"author\" content=\"CcentroPopular\" \/>\n<meta name=\"twitter:card\" content=\"summary_large_image\" \/>\n<meta name=\"twitter:label1\" content=\"Written by\" \/>\n\t<meta name=\"twitter:data1\" content=\"CcentroPopular\" \/>\n\t<meta name=\"twitter:label2\" content=\"Est. reading time\" \/>\n\t<meta name=\"twitter:data2\" content=\"1 minute\" \/>\n<script type=\"application\/ld+json\" class=\"yoast-schema-graph\">{\"@context\":\"https:\/\/schema.org\",\"@graph\":[{\"@type\":\"Article\",\"@id\":\"https:\/\/cadenacentropopular.com\/index.php\/2022\/05\/13\/qlokura-publico-yo-era-en-vivo-en-el-luna-park-junto-a-angela-leiva\/#article\",\"isPartOf\":{\"@id\":\"https:\/\/cadenacentropopular.com\/index.php\/2022\/05\/13\/qlokura-publico-yo-era-en-vivo-en-el-luna-park-junto-a-angela-leiva\/\"},\"author\":{\"name\":\"CcentroPopular\",\"@id\":\"https:\/\/cadenacentropopular.com\/#\/schema\/person\/0729df060fc8b84f539c0129cc09e4ad\"},\"headline\":\"Q\u2019Lokura public\u00f3 &#8220;Yo era&#8221; en vivo en el Luna Park junto a Angela Leiva\",\"datePublished\":\"2022-05-13T14:26:03+00:00\",\"dateModified\":\"2022-05-13T14:26:03+00:00\",\"mainEntityOfPage\":{\"@id\":\"https:\/\/cadenacentropopular.com\/index.php\/2022\/05\/13\/qlokura-publico-yo-era-en-vivo-en-el-luna-park-junto-a-angela-leiva\/\"},\"wordCount\":92,\"commentCount\":0,\"publisher\":{\"@id\":\"https:\/\/cadenacentropopular.com\/#organization\"},\"image\":{\"@id\":\"https:\/\/cadenacentropopular.com\/index.php\/2022\/05\/13\/qlokura-publico-yo-era-en-vivo-en-el-luna-park-junto-a-angela-leiva\/#primaryimage\"},\"thumbnailUrl\":\"https:\/\/cadenacentropopular.com\/wp-content\/uploads\/2022\/05\/1.png\",\"keywords\":[\"angela leiva\",\"cadena centro popular\",\"luna park\",\"Q\u2019Lokura\",\"yo era\"],\"articleSection\":[\"cuarteto\"],\"inLanguage\":\"en-US\",\"potentialAction\":[{\"@type\":\"CommentAction\",\"name\":\"Comment\",\"target\":[\"https:\/\/cadenacentropopular.com\/index.php\/2022\/05\/13\/qlokura-publico-yo-era-en-vivo-en-el-luna-park-junto-a-angela-leiva\/#respond\"]}]},{\"@type\":\"WebPage\",\"@id\":\"https:\/\/cadenacentropopular.com\/index.php\/2022\/05\/13\/qlokura-publico-yo-era-en-vivo-en-el-luna-park-junto-a-angela-leiva\/\",\"url\":\"https:\/\/cadenacentropopular.com\/index.php\/2022\/05\/13\/qlokura-publico-yo-era-en-vivo-en-el-luna-park-junto-a-angela-leiva\/\",\"name\":\"Q\u2019Lokura public\u00f3 \\\"Yo era\\\" en vivo en el Luna Park junto a Angela Leiva - CADENA CENTRO POPULAR\",\"isPartOf\":{\"@id\":\"https:\/\/cadenacentropopular.com\/#website\"},\"primaryImageOfPage\":{\"@id\":\"https:\/\/cadenacentropopular.com\/index.php\/2022\/05\/13\/qlokura-publico-yo-era-en-vivo-en-el-luna-park-junto-a-angela-leiva\/#primaryimage\"},\"image\":{\"@id\":\"https:\/\/cadenacentropopular.com\/index.php\/2022\/05\/13\/qlokura-publico-yo-era-en-vivo-en-el-luna-park-junto-a-angela-leiva\/#primaryimage\"},\"thumbnailUrl\":\"https:\/\/cadenacentropopular.com\/wp-content\/uploads\/2022\/05\/1.png\",\"datePublished\":\"2022-05-13T14:26:03+00:00\",\"dateModified\":\"2022-05-13T14:26:03+00:00\",\"description\":\"El pasado 15 de abril, Q\u2019Lokura se present\u00f3 en estadio Luna Park con entradas totalmente agotadas.\",\"breadcrumb\":{\"@id\":\"https:\/\/cadenacentropopular.com\/index.php\/2022\/05\/13\/qlokura-publico-yo-era-en-vivo-en-el-luna-park-junto-a-angela-leiva\/#breadcrumb\"},\"inLanguage\":\"en-US\",\"potentialAction\":[{\"@type\":\"ReadAction\",\"target\":[\"https:\/\/cadenacentropopular.com\/index.php\/2022\/05\/13\/qlokura-publico-yo-era-en-vivo-en-el-luna-park-junto-a-angela-leiva\/\"]}]},{\"@type\":\"ImageObject\",\"inLanguage\":\"en-US\",\"@id\":\"https:\/\/cadenacentropopular.com\/index.php\/2022\/05\/13\/qlokura-publico-yo-era-en-vivo-en-el-luna-park-junto-a-angela-leiva\/#primaryimage\",\"url\":\"https:\/\/cadenacentropopular.com\/wp-content\/uploads\/2022\/05\/1.png\",\"contentUrl\":\"https:\/\/cadenacentropopular.com\/wp-content\/uploads\/2022\/05\/1.png\",\"width\":1920,\"height\":1080},{\"@type\":\"BreadcrumbList\",\"@id\":\"https:\/\/cadenacentropopular.com\/index.php\/2022\/05\/13\/qlokura-publico-yo-era-en-vivo-en-el-luna-park-junto-a-angela-leiva\/#breadcrumb\",\"itemListElement\":[{\"@type\":\"ListItem\",\"position\":1,\"name\":\"Home\",\"item\":\"https:\/\/cadenacentropopular.com\/\"},{\"@type\":\"ListItem\",\"position\":2,\"name\":\"Q\u2019Lokura public\u00f3 &#8220;Yo era&#8221; en vivo en el Luna Park junto a Angela Leiva\"}]},{\"@type\":\"WebSite\",\"@id\":\"https:\/\/cadenacentropopular.com\/#website\",\"url\":\"https:\/\/cadenacentropopular.com\/\",\"name\":\"CADENA CENTRO POPULAR\",\"description\":\"\",\"publisher\":{\"@id\":\"https:\/\/cadenacentropopular.com\/#organization\"},\"potentialAction\":[{\"@type\":\"SearchAction\",\"target\":{\"@type\":\"EntryPoint\",\"urlTemplate\":\"https:\/\/cadenacentropopular.com\/?s={search_term_string}\"},\"query-input\":\"required name=search_term_string\"}],\"inLanguage\":\"en-US\"},{\"@type\":\"Organization\",\"@id\":\"https:\/\/cadenacentropopular.com\/#organization\",\"name\":\"CADENA CENTRO POPULAR\",\"url\":\"https:\/\/cadenacentropopular.com\/\",\"logo\":{\"@type\":\"ImageObject\",\"inLanguage\":\"en-US\",\"@id\":\"https:\/\/cadenacentropopular.com\/#\/schema\/logo\/image\/\",\"url\":\"http:\/\/cadenacentropopular.com\/wp-content\/uploads\/2022\/04\/portada.png\",\"contentUrl\":\"http:\/\/cadenacentropopular.com\/wp-content\/uploads\/2022\/04\/portada.png\",\"width\":5317,\"height\":1962,\"caption\":\"CADENA CENTRO POPULAR\"},\"image\":{\"@id\":\"https:\/\/cadenacentropopular.com\/#\/schema\/logo\/image\/\"},\"sameAs\":[\"https:\/\/www.facebook.com\/cadenacentropopular\",\"https:\/\/www.instagram.com\/ccentropopular\/\"]},{\"@type\":\"Person\",\"@id\":\"https:\/\/cadenacentropopular.com\/#\/schema\/person\/0729df060fc8b84f539c0129cc09e4ad\",\"name\":\"CcentroPopular\",\"image\":{\"@type\":\"ImageObject\",\"inLanguage\":\"en-US\",\"@id\":\"https:\/\/cadenacentropopular.com\/#\/schema\/person\/image\/\",\"url\":\"https:\/\/secure.gravatar.com\/avatar\/e3f77d046163f2c4e6977af93d588471?s=96&d=mm&r=g\",\"contentUrl\":\"https:\/\/secure.gravatar.com\/avatar\/e3f77d046163f2c4e6977af93d588471?s=96&d=mm&r=g\",\"caption\":\"CcentroPopular\"},\"sameAs\":[\"http:\/\/cadenacentropopular.com\"],\"url\":\"https:\/\/cadenacentropopular.com\/index.php\/author\/maguiz\/\"}]}<\/script>\n<!-- \/ Yoast SEO plugin. -->","yoast_head_json":{"title":"Q\u2019Lokura public\u00f3 \"Yo era\" en vivo en el Luna Park junto a Angela Leiva - CADENA CENTRO POPULAR","description":"El pasado 15 de abril, Q\u2019Lokura se present\u00f3 en estadio Luna Park con entradas totalmente agotadas.","robots":{"index":"index","follow":"follow","max-snippet":"max-snippet:-1","max-image-preview":"max-image-preview:large","max-video-preview":"max-video-preview:-1"},"canonical":"https:\/\/cadenacentropopular.com\/index.php\/2022\/05\/13\/qlokura-publico-yo-era-en-vivo-en-el-luna-park-junto-a-angela-leiva\/","og_locale":"en_US","og_type":"article","og_title":"Q\u2019Lokura public\u00f3 \"Yo era\" en vivo en el Luna Park junto a Angela Leiva - CADENA CENTRO POPULAR","og_description":"El pasado 15 de abril, Q\u2019Lokura se present\u00f3 en estadio Luna Park con entradas totalmente agotadas.","og_url":"https:\/\/cadenacentropopular.com\/index.php\/2022\/05\/13\/qlokura-publico-yo-era-en-vivo-en-el-luna-park-junto-a-angela-leiva\/","og_site_name":"CADENA CENTRO POPULAR","article_publisher":"https:\/\/www.facebook.com\/cadenacentropopular","article_published_time":"2022-05-13T14:26:03+00:00","og_image":[{"width":1024,"height":576,"url":"http:\/\/cadenacentropopular.com\/wp-content\/uploads\/2022\/05\/1-1024x576.png","type":"image\/png"}],"author":"CcentroPopular","twitter_card":"summary_large_image","twitter_misc":{"Written by":"CcentroPopular","Est. reading time":"1 minute"},"schema":{"@context":"https:\/\/schema.org","@graph":[{"@type":"Article","@id":"https:\/\/cadenacentropopular.com\/index.php\/2022\/05\/13\/qlokura-publico-yo-era-en-vivo-en-el-luna-park-junto-a-angela-leiva\/#article","isPartOf":{"@id":"https:\/\/cadenacentropopular.com\/index.php\/2022\/05\/13\/qlokura-publico-yo-era-en-vivo-en-el-luna-park-junto-a-angela-leiva\/"},"author":{"name":"CcentroPopular","@id":"https:\/\/cadenacentropopular.com\/#\/schema\/person\/0729df060fc8b84f539c0129cc09e4ad"},"headline":"Q\u2019Lokura public\u00f3 &#8220;Yo era&#8221; en vivo en el Luna Park junto a Angela Leiva","datePublished":"2022-05-13T14:26:03+00:00","dateModified":"2022-05-13T14:26:03+00:00","mainEntityOfPage":{"@id":"https:\/\/cadenacentropopular.com\/index.php\/2022\/05\/13\/qlokura-publico-yo-era-en-vivo-en-el-luna-park-junto-a-angela-leiva\/"},"wordCount":92,"commentCount":0,"publisher":{"@id":"https:\/\/cadenacentropopular.com\/#organization"},"image":{"@id":"https:\/\/cadenacentropopular.com\/index.php\/2022\/05\/13\/qlokura-publico-yo-era-en-vivo-en-el-luna-park-junto-a-angela-leiva\/#primaryimage"},"thumbnailUrl":"https:\/\/cadenacentropopular.com\/wp-content\/uploads\/2022\/05\/1.png","keywords":["angela leiva","cadena centro popular","luna park","Q\u2019Lokura","yo era"],"articleSection":["cuarteto"],"inLanguage":"en-US","potentialAction":[{"@type":"CommentAction","name":"Comment","target":["https:\/\/cadenacentropopular.com\/index.php\/2022\/05\/13\/qlokura-publico-yo-era-en-vivo-en-el-luna-park-junto-a-angela-leiva\/#respond"]}]},{"@type":"WebPage","@id":"https:\/\/cadenacentropopular.com\/index.php\/2022\/05\/13\/qlokura-publico-yo-era-en-vivo-en-el-luna-park-junto-a-angela-leiva\/","url":"https:\/\/cadenacentropopular.com\/index.php\/2022\/05\/13\/qlokura-publico-yo-era-en-vivo-en-el-luna-park-junto-a-angela-leiva\/","name":"Q\u2019Lokura public\u00f3 \"Yo era\" en vivo en el Luna Park junto a Angela Leiva - CADENA CENTRO POPULAR","isPartOf":{"@id":"https:\/\/cadenacentropopular.com\/#website"},"primaryImageOfPage":{"@id":"https:\/\/cadenacentropopular.com\/index.php\/2022\/05\/13\/qlokura-publico-yo-era-en-vivo-en-el-luna-park-junto-a-angela-leiva\/#primaryimage"},"image":{"@id":"https:\/\/cadenacentropopular.com\/index.php\/2022\/05\/13\/qlokura-publico-yo-era-en-vivo-en-el-luna-park-junto-a-angela-leiva\/#primaryimage"},"thumbnailUrl":"https:\/\/cadenacentropopular.com\/wp-content\/uploads\/2022\/05\/1.png","datePublished":"2022-05-13T14:26:03+00:00","dateModified":"2022-05-13T14:26:03+00:00","description":"El pasado 15 de abril, Q\u2019Lokura se present\u00f3 en estadio Luna Park con entradas totalmente agotadas.","breadcrumb":{"@id":"https:\/\/cadenacentropopular.com\/index.php\/2022\/05\/13\/qlokura-publico-yo-era-en-vivo-en-el-luna-park-junto-a-angela-leiva\/#breadcrumb"},"inLanguage":"en-US","potentialAction":[{"@type":"ReadAction","target":["https:\/\/cadenacentropopular.com\/index.php\/2022\/05\/13\/qlokura-publico-yo-era-en-vivo-en-el-luna-park-junto-a-angela-leiva\/"]}]},{"@type":"ImageObject","inLanguage":"en-US","@id":"https:\/\/cadenacentropopular.com\/index.php\/2022\/05\/13\/qlokura-publico-yo-era-en-vivo-en-el-luna-park-junto-a-angela-leiva\/#primaryimage","url":"https:\/\/cadenacentropopular.com\/wp-content\/uploads\/2022\/05\/1.png","contentUrl":"https:\/\/cadenacentropopular.com\/wp-content\/uploads\/2022\/05\/1.png","width":1920,"height":1080},{"@type":"BreadcrumbList","@id":"https:\/\/cadenacentropopular.com\/index.php\/2022\/05\/13\/qlokura-publico-yo-era-en-vivo-en-el-luna-park-junto-a-angela-leiva\/#breadcrumb","itemListElement":[{"@type":"ListItem","position":1,"name":"Home","item":"https:\/\/cadenacentropopular.com\/"},{"@type":"ListItem","position":2,"name":"Q\u2019Lokura public\u00f3 &#8220;Yo era&#8221; en vivo en el Luna Park junto a Angela Leiva"}]},{"@type":"WebSite","@id":"https:\/\/cadenacentropopular.com\/#website","url":"https:\/\/cadenacentropopular.com\/","name":"CADENA CENTRO POPULAR","description":"","publisher":{"@id":"https:\/\/cadenacentropopular.com\/#organization"},"potentialAction":[{"@type":"SearchAction","target":{"@type":"EntryPoint","urlTemplate":"https:\/\/cadenacentropopular.com\/?s={search_term_string}"},"query-input":"required name=search_term_string"}],"inLanguage":"en-US"},{"@type":"Organization","@id":"https:\/\/cadenacentropopular.com\/#organization","name":"CADENA CENTRO POPULAR","url":"https:\/\/cadenacentropopular.com\/","logo":{"@type":"ImageObject","inLanguage":"en-US","@id":"https:\/\/cadenacentropopular.com\/#\/schema\/logo\/image\/","url":"http:\/\/cadenacentropopular.com\/wp-content\/uploads\/2022\/04\/portada.png","contentUrl":"http:\/\/cadenacentropopular.com\/wp-content\/uploads\/2022\/04\/portada.png","width":5317,"height":1962,"caption":"CADENA CENTRO POPULAR"},"image":{"@id":"https:\/\/cadenacentropopular.com\/#\/schema\/logo\/image\/"},"sameAs":["https:\/\/www.facebook.com\/cadenacentropopular","https:\/\/www.instagram.com\/ccentropopular\/"]},{"@type":"Person","@id":"https:\/\/cadenacentropopular.com\/#\/schema\/person\/0729df060fc8b84f539c0129cc09e4ad","name":"CcentroPopular","image":{"@type":"ImageObject","inLanguage":"en-US","@id":"https:\/\/cadenacentropopular.com\/#\/schema\/person\/image\/","url":"https:\/\/secure.gravatar.com\/avatar\/e3f77d046163f2c4e6977af93d588471?s=96&d=mm&r=g","contentUrl":"https:\/\/secure.gravatar.com\/avatar\/e3f77d046163f2c4e6977af93d588471?s=96&d=mm&r=g","caption":"CcentroPopular"},"sameAs":["http:\/\/cadenacentropopular.com"],"url":"https:\/\/cadenacentropopular.com\/index.php\/author\/maguiz\/"}]}},"_links":{"self":[{"href":"https:\/\/cadenacentropopular.com\/index.php\/wp-json\/wp\/v2\/posts\/173"}],"collection":[{"href":"https:\/\/cadenacentropopular.com\/index.php\/wp-json\/wp\/v2\/posts"}],"about":[{"href":"https:\/\/cadenacentropopular.com\/index.php\/wp-json\/wp\/v2\/types\/post"}],"author":[{"embeddable":true,"href":"https:\/\/cadenacentropopular.com\/index.php\/wp-json\/wp\/v2\/users\/1"}],"replies":[{"embeddable":true,"href":"https:\/\/cadenacentropopular.com\/index.php\/wp-json\/wp\/v2\/comments?post=173"}],"version-history":[{"count":1,"href":"https:\/\/cadenacentropopular.com\/index.php\/wp-json\/wp\/v2\/posts\/173\/revisions"}],"predecessor-version":[{"id":175,"href":"https:\/\/cadenacentropopular.com\/index.php\/wp-json\/wp\/v2\/posts\/173\/revisions\/175"}],"wp:featuredmedia":[{"embeddable":true,"href":"https:\/\/cadenacentropopular.com\/index.php\/wp-json\/wp\/v2\/media\/174"}],"wp:attachment":[{"href":"https:\/\/cadenacentropopular.com\/index.php\/wp-json\/wp\/v2\/media?parent=173"}],"wp:term":[{"taxonomy":"category","embeddable":true,"href":"https:\/\/cadenacentropopular.com\/index.php\/wp-json\/wp\/v2\/categories?post=173"},{"taxonomy":"post_tag","embeddable":true,"href":"https:\/\/cadenacentropopular.com\/index.php\/wp-json\/wp\/v2\/tags?post=173"}],"curies":[{"name":"wp","href":"https:\/\/api.w.org\/{rel}","templated":true}]}}