{"id":145,"date":"2022-05-04T13:52:53","date_gmt":"2022-05-04T13:52:53","guid":{"rendered":"http:\/\/cadenacentropopular.com\/?p=145"},"modified":"2022-05-04T13:52:53","modified_gmt":"2022-05-04T13:52:53","slug":"lo-agarro-bailando-con-otra-mujer-y-lo-saco-de-la-oreja","status":"publish","type":"post","link":"https:\/\/cadenacentropopular.com\/index.php\/2022\/05\/04\/lo-agarro-bailando-con-otra-mujer-y-lo-saco-de-la-oreja\/","title":{"rendered":"Lo agarr\u00f3 bailando con otra mujer y lo sac\u00f3 de la oreja"},"content":{"rendered":"<p id=\"h-el-desopilante-momento-fue-compartido-por-la-p-gina-de-instagram-only-en-c-rdoba\">El desopilante momento fue compartido por la p\u00e1gina de Instagram Only en C\u00f3rdoba.<\/p>\n<p>La cuenta de Instagram <strong>Only en C\u00f3rdoba<\/strong>, que ya nos tiene acostumbrados a rescatar momentos incre\u00edbles de la vida cordobesa, nos vuelve a sorprender con una desopilante escena ocurrida el pasado fin de semana en una fiesta de la ciudad de R\u00edo Tercero.<\/p>\n<p>En el video, se ve a un grupo de bailarines adultos disfrutando del festejo, en el que destacan una mujer que tiene un gran manejo del ritmo y un hombre que intenta seguirle el ritmo.<\/p>\n<blockquote class=\"instagram-media\" style=\"background: #FFF; border: 0; border-radius: 3px; box-shadow: 0 0 1px 0 rgba(0,0,0,0.5),0 1px 10px 0 rgba(0,0,0,0.15); margin: 1px; max-width: 540px; min-width: 326px; padding: 0; width: calc(100% - 2px);\" data-instgrm-captioned=\"\" data-instgrm-permalink=\"https:\/\/www.instagram.com\/tv\/CdEvDTIKqpm\/?utm_source=ig_embed&amp;utm_campaign=loading\" data-instgrm-version=\"14\">\n<div style=\"padding: 16px;\">\n<p>&nbsp;<\/p>\n<div style=\"display: flex; flex-direction: row; align-items: center;\">\n<div style=\"background-color: #f4f4f4; border-radius: 50%; flex-grow: 0; height: 40px; margin-right: 14px; width: 40px;\"><\/div>\n<div style=\"display: flex; flex-direction: column; flex-grow: 1; justify-content: center;\">\n<div style=\"background-color: #f4f4f4; border-radius: 4px; flex-grow: 0; height: 14px; margin-bottom: 6px; width: 100px;\"><\/div>\n<div style=\"background-color: #f4f4f4; border-radius: 4px; flex-grow: 0; height: 14px; width: 60px;\"><\/div>\n<\/div>\n<\/div>\n<div style=\"padding: 19% 0;\"><\/div>\n<div style=\"display: block; height: 50px; margin: 0 auto 12px; width: 50px;\"><\/div>\n<div style=\"padding-top: 8px;\">\n<div style=\"color: #3897f0; font-family: Arial,sans-serif; font-size: 14px; font-style: normal; font-weight: 550; line-height: 18px;\">Ver esta publicaci\u00f3n en Instagram<\/div>\n<\/div>\n<div style=\"padding: 12.5% 0;\"><\/div>\n<div style=\"display: flex; flex-direction: row; margin-bottom: 14px; align-items: center;\">\n<div>\n<div style=\"background-color: #f4f4f4; border-radius: 50%; height: 12.5px; width: 12.5px; transform: translateX(0px) translateY(7px);\"><\/div>\n<div style=\"background-color: #f4f4f4; height: 12.5px; transform: rotate(-45deg) translateX(3px) translateY(1px); width: 12.5px; flex-grow: 0; margin-right: 14px; margin-left: 2px;\"><\/div>\n<div style=\"background-color: #f4f4f4; border-radius: 50%; height: 12.5px; width: 12.5px; transform: translateX(9px) translateY(-18px);\"><\/div>\n<\/div>\n<div style=\"margin-left: 8px;\">\n<div style=\"background-color: #f4f4f4; border-radius: 50%; flex-grow: 0; height: 20px; width: 20px;\"><\/div>\n<div style=\"width: 0; height: 0; border-top: 2px solid transparent; border-left: 6px solid #f4f4f4; border-bottom: 2px solid transparent; transform: translateX(16px) translateY(-4px) rotate(30deg);\"><\/div>\n<\/div>\n<div style=\"margin-left: auto;\">\n<div style=\"width: 0px; border-top: 8px solid #F4F4F4; border-right: 8px solid transparent; transform: translateY(16px);\"><\/div>\n<div style=\"background-color: #f4f4f4; flex-grow: 0; height: 12px; width: 16px; transform: translateY(-4px);\"><\/div>\n<div style=\"width: 0; height: 0; border-top: 8px solid #F4F4F4; border-left: 8px solid transparent; transform: translateY(-4px) translateX(8px);\"><\/div>\n<\/div>\n<\/div>\n<div style=\"display: flex; flex-direction: column; flex-grow: 1; justify-content: center; margin-bottom: 24px;\">\n<div style=\"background-color: #f4f4f4; border-radius: 4px; flex-grow: 0; height: 14px; margin-bottom: 6px; width: 224px;\"><\/div>\n<div style=\"background-color: #f4f4f4; border-radius: 4px; flex-grow: 0; height: 14px; width: 144px;\"><\/div>\n<\/div>\n<p>&nbsp;<\/p>\n<p style=\"color: #c9c8cd; font-family: Arial,sans-serif; font-size: 14px; line-height: 17px; margin-bottom: 0; margin-top: 8px; overflow: hidden; padding: 8px 0 7px; text-align: center; text-overflow: ellipsis; white-space: nowrap;\"><a style=\"color: #c9c8cd; font-family: Arial,sans-serif; font-size: 14px; font-style: normal; font-weight: normal; line-height: 17px; text-decoration: none;\" href=\"https:\/\/www.instagram.com\/tv\/CdEvDTIKqpm\/?utm_source=ig_embed&amp;utm_campaign=loading\" target=\"_blank\" rel=\"noopener\">Una publicaci\u00f3n compartida por Only in C\u00f3rdoba \ud83c\udde6\ud83c\uddf7 (@onlyincordoba)<\/a><\/p>\n<\/div>\n<\/blockquote>\n<p><script async src=\"\/\/www.instagram.com\/embed.js\"><\/script>Pero lo desopilante ocurre cuando se acerca otra mujer, aparentemente esposa del sujeto en cuesti\u00f3n, y <strong>lo saca de la oreja de la pista de baile <\/strong>ante la sorpresa de todos los presentes.<\/p>\n","protected":false},"excerpt":{"rendered":"<p>El desopilante momento fue compartido por la p\u00e1gina de Instagram Only en C\u00f3rdoba. La cuenta de Instagram Only en C\u00f3rdoba, que ya nos tiene acostumbrados a rescatar momentos incre\u00edbles de la vida cordobesa, nos vuelve a sorprender con una desopilante escena ocurrida el pasado fin de semana en una fiesta de la ciudad de R\u00edo&#8230;<\/p>\n","protected":false},"author":1,"featured_media":146,"comment_status":"open","ping_status":"open","sticky":false,"template":"","format":"standard","meta":{"_monsterinsights_skip_tracking":false,"_monsterinsights_sitenote_active":false,"_monsterinsights_sitenote_note":"","_monsterinsights_sitenote_category":0,"_kad_post_transparent":"default","_kad_post_title":"default","_kad_post_layout":"default","_kad_post_sidebar_id":"","_kad_post_content_style":"default","_kad_post_vertical_padding":"default","_kad_post_feature":"","_kad_post_feature_position":"","_kad_post_header":false,"_kad_post_footer":false,"footnotes":""},"categories":[10],"tags":[16,20,19,17,18],"yoast_head":"<!-- This site is optimized with the Yoast SEO plugin v23.3 - https:\/\/yoast.com\/wordpress\/plugins\/seo\/ -->\n<title>Lo agarr\u00f3 bailando con otra mujer y lo sac\u00f3 de la oreja - CADENA CENTRO POPULAR<\/title>\n<meta name=\"description\" content=\"El desopilante momento fue compartido por la p\u00e1gina de Instagram Only en C\u00f3rdoba.\" \/>\n<meta name=\"robots\" content=\"index, follow, max-snippet:-1, max-image-preview:large, max-video-preview:-1\" \/>\n<link rel=\"canonical\" href=\"https:\/\/cadenacentropopular.com\/index.php\/2022\/05\/04\/lo-agarro-bailando-con-otra-mujer-y-lo-saco-de-la-oreja\/\" \/>\n<meta property=\"og:locale\" content=\"en_US\" \/>\n<meta property=\"og:type\" content=\"article\" \/>\n<meta property=\"og:title\" content=\"Lo agarr\u00f3 bailando con otra mujer y lo sac\u00f3 de la oreja - CADENA CENTRO POPULAR\" \/>\n<meta property=\"og:description\" content=\"El desopilante momento fue compartido por la p\u00e1gina de Instagram Only en C\u00f3rdoba.\" \/>\n<meta property=\"og:url\" content=\"https:\/\/cadenacentropopular.com\/index.php\/2022\/05\/04\/lo-agarro-bailando-con-otra-mujer-y-lo-saco-de-la-oreja\/\" \/>\n<meta property=\"og:site_name\" content=\"CADENA CENTRO POPULAR\" \/>\n<meta property=\"article:publisher\" content=\"https:\/\/www.facebook.com\/cadenacentropopular\" \/>\n<meta property=\"article:published_time\" content=\"2022-05-04T13:52:53+00:00\" \/>\n<meta property=\"og:image\" content=\"https:\/\/cadenacentropopular.com\/wp-content\/uploads\/2022\/05\/lo-saco-de-la-oreja-696x394-1.jpg\" \/>\n\t<meta property=\"og:image:width\" content=\"696\" \/>\n\t<meta property=\"og:image:height\" content=\"394\" \/>\n\t<meta property=\"og:image:type\" content=\"image\/jpeg\" \/>\n<meta name=\"author\" content=\"CcentroPopular\" \/>\n<meta name=\"twitter:card\" content=\"summary_large_image\" \/>\n<meta name=\"twitter:label1\" content=\"Written by\" \/>\n\t<meta name=\"twitter:data1\" content=\"CcentroPopular\" \/>\n\t<meta name=\"twitter:label2\" content=\"Est. reading time\" \/>\n\t<meta name=\"twitter:data2\" content=\"1 minute\" \/>\n<script type=\"application\/ld+json\" class=\"yoast-schema-graph\">{\"@context\":\"https:\/\/schema.org\",\"@graph\":[{\"@type\":\"Article\",\"@id\":\"https:\/\/cadenacentropopular.com\/index.php\/2022\/05\/04\/lo-agarro-bailando-con-otra-mujer-y-lo-saco-de-la-oreja\/#article\",\"isPartOf\":{\"@id\":\"https:\/\/cadenacentropopular.com\/index.php\/2022\/05\/04\/lo-agarro-bailando-con-otra-mujer-y-lo-saco-de-la-oreja\/\"},\"author\":{\"name\":\"CcentroPopular\",\"@id\":\"https:\/\/cadenacentropopular.com\/#\/schema\/person\/0729df060fc8b84f539c0129cc09e4ad\"},\"headline\":\"Lo agarr\u00f3 bailando con otra mujer y lo sac\u00f3 de la oreja\",\"datePublished\":\"2022-05-04T13:52:53+00:00\",\"dateModified\":\"2022-05-04T13:52:53+00:00\",\"mainEntityOfPage\":{\"@id\":\"https:\/\/cadenacentropopular.com\/index.php\/2022\/05\/04\/lo-agarro-bailando-con-otra-mujer-y-lo-saco-de-la-oreja\/\"},\"wordCount\":160,\"commentCount\":0,\"publisher\":{\"@id\":\"https:\/\/cadenacentropopular.com\/#organization\"},\"image\":{\"@id\":\"https:\/\/cadenacentropopular.com\/index.php\/2022\/05\/04\/lo-agarro-bailando-con-otra-mujer-y-lo-saco-de-la-oreja\/#primaryimage\"},\"thumbnailUrl\":\"https:\/\/cadenacentropopular.com\/wp-content\/uploads\/2022\/05\/lo-saco-de-la-oreja-696x394-1.jpg\",\"keywords\":[\"cadena centro popular\",\"cordoba\",\"desopilante video\",\"only in cordoba\",\"rio tercero\"],\"articleSection\":[\"virales\"],\"inLanguage\":\"en-US\",\"potentialAction\":[{\"@type\":\"CommentAction\",\"name\":\"Comment\",\"target\":[\"https:\/\/cadenacentropopular.com\/index.php\/2022\/05\/04\/lo-agarro-bailando-con-otra-mujer-y-lo-saco-de-la-oreja\/#respond\"]}]},{\"@type\":\"WebPage\",\"@id\":\"https:\/\/cadenacentropopular.com\/index.php\/2022\/05\/04\/lo-agarro-bailando-con-otra-mujer-y-lo-saco-de-la-oreja\/\",\"url\":\"https:\/\/cadenacentropopular.com\/index.php\/2022\/05\/04\/lo-agarro-bailando-con-otra-mujer-y-lo-saco-de-la-oreja\/\",\"name\":\"Lo agarr\u00f3 bailando con otra mujer y lo sac\u00f3 de la oreja - CADENA CENTRO POPULAR\",\"isPartOf\":{\"@id\":\"https:\/\/cadenacentropopular.com\/#website\"},\"primaryImageOfPage\":{\"@id\":\"https:\/\/cadenacentropopular.com\/index.php\/2022\/05\/04\/lo-agarro-bailando-con-otra-mujer-y-lo-saco-de-la-oreja\/#primaryimage\"},\"image\":{\"@id\":\"https:\/\/cadenacentropopular.com\/index.php\/2022\/05\/04\/lo-agarro-bailando-con-otra-mujer-y-lo-saco-de-la-oreja\/#primaryimage\"},\"thumbnailUrl\":\"https:\/\/cadenacentropopular.com\/wp-content\/uploads\/2022\/05\/lo-saco-de-la-oreja-696x394-1.jpg\",\"datePublished\":\"2022-05-04T13:52:53+00:00\",\"dateModified\":\"2022-05-04T13:52:53+00:00\",\"description\":\"El desopilante momento fue compartido por la p\u00e1gina de Instagram Only en C\u00f3rdoba.\",\"breadcrumb\":{\"@id\":\"https:\/\/cadenacentropopular.com\/index.php\/2022\/05\/04\/lo-agarro-bailando-con-otra-mujer-y-lo-saco-de-la-oreja\/#breadcrumb\"},\"inLanguage\":\"en-US\",\"potentialAction\":[{\"@type\":\"ReadAction\",\"target\":[\"https:\/\/cadenacentropopular.com\/index.php\/2022\/05\/04\/lo-agarro-bailando-con-otra-mujer-y-lo-saco-de-la-oreja\/\"]}]},{\"@type\":\"ImageObject\",\"inLanguage\":\"en-US\",\"@id\":\"https:\/\/cadenacentropopular.com\/index.php\/2022\/05\/04\/lo-agarro-bailando-con-otra-mujer-y-lo-saco-de-la-oreja\/#primaryimage\",\"url\":\"https:\/\/cadenacentropopular.com\/wp-content\/uploads\/2022\/05\/lo-saco-de-la-oreja-696x394-1.jpg\",\"contentUrl\":\"https:\/\/cadenacentropopular.com\/wp-content\/uploads\/2022\/05\/lo-saco-de-la-oreja-696x394-1.jpg\",\"width\":696,\"height\":394},{\"@type\":\"BreadcrumbList\",\"@id\":\"https:\/\/cadenacentropopular.com\/index.php\/2022\/05\/04\/lo-agarro-bailando-con-otra-mujer-y-lo-saco-de-la-oreja\/#breadcrumb\",\"itemListElement\":[{\"@type\":\"ListItem\",\"position\":1,\"name\":\"Home\",\"item\":\"https:\/\/cadenacentropopular.com\/\"},{\"@type\":\"ListItem\",\"position\":2,\"name\":\"Lo agarr\u00f3 bailando con otra mujer y lo sac\u00f3 de la oreja\"}]},{\"@type\":\"WebSite\",\"@id\":\"https:\/\/cadenacentropopular.com\/#website\",\"url\":\"https:\/\/cadenacentropopular.com\/\",\"name\":\"CADENA CENTRO POPULAR\",\"description\":\"\",\"publisher\":{\"@id\":\"https:\/\/cadenacentropopular.com\/#organization\"},\"potentialAction\":[{\"@type\":\"SearchAction\",\"target\":{\"@type\":\"EntryPoint\",\"urlTemplate\":\"https:\/\/cadenacentropopular.com\/?s={search_term_string}\"},\"query-input\":\"required name=search_term_string\"}],\"inLanguage\":\"en-US\"},{\"@type\":\"Organization\",\"@id\":\"https:\/\/cadenacentropopular.com\/#organization\",\"name\":\"CADENA CENTRO POPULAR\",\"url\":\"https:\/\/cadenacentropopular.com\/\",\"logo\":{\"@type\":\"ImageObject\",\"inLanguage\":\"en-US\",\"@id\":\"https:\/\/cadenacentropopular.com\/#\/schema\/logo\/image\/\",\"url\":\"http:\/\/cadenacentropopular.com\/wp-content\/uploads\/2022\/04\/portada.png\",\"contentUrl\":\"http:\/\/cadenacentropopular.com\/wp-content\/uploads\/2022\/04\/portada.png\",\"width\":5317,\"height\":1962,\"caption\":\"CADENA CENTRO POPULAR\"},\"image\":{\"@id\":\"https:\/\/cadenacentropopular.com\/#\/schema\/logo\/image\/\"},\"sameAs\":[\"https:\/\/www.facebook.com\/cadenacentropopular\",\"https:\/\/www.instagram.com\/ccentropopular\/\"]},{\"@type\":\"Person\",\"@id\":\"https:\/\/cadenacentropopular.com\/#\/schema\/person\/0729df060fc8b84f539c0129cc09e4ad\",\"name\":\"CcentroPopular\",\"image\":{\"@type\":\"ImageObject\",\"inLanguage\":\"en-US\",\"@id\":\"https:\/\/cadenacentropopular.com\/#\/schema\/person\/image\/\",\"url\":\"https:\/\/secure.gravatar.com\/avatar\/e3f77d046163f2c4e6977af93d588471?s=96&d=mm&r=g\",\"contentUrl\":\"https:\/\/secure.gravatar.com\/avatar\/e3f77d046163f2c4e6977af93d588471?s=96&d=mm&r=g\",\"caption\":\"CcentroPopular\"},\"sameAs\":[\"http:\/\/cadenacentropopular.com\"],\"url\":\"https:\/\/cadenacentropopular.com\/index.php\/author\/maguiz\/\"}]}<\/script>\n<!-- \/ Yoast SEO plugin. -->","yoast_head_json":{"title":"Lo agarr\u00f3 bailando con otra mujer y lo sac\u00f3 de la oreja - CADENA CENTRO POPULAR","description":"El desopilante momento fue compartido por la p\u00e1gina de Instagram Only en C\u00f3rdoba.","robots":{"index":"index","follow":"follow","max-snippet":"max-snippet:-1","max-image-preview":"max-image-preview:large","max-video-preview":"max-video-preview:-1"},"canonical":"https:\/\/cadenacentropopular.com\/index.php\/2022\/05\/04\/lo-agarro-bailando-con-otra-mujer-y-lo-saco-de-la-oreja\/","og_locale":"en_US","og_type":"article","og_title":"Lo agarr\u00f3 bailando con otra mujer y lo sac\u00f3 de la oreja - CADENA CENTRO POPULAR","og_description":"El desopilante momento fue compartido por la p\u00e1gina de Instagram Only en C\u00f3rdoba.","og_url":"https:\/\/cadenacentropopular.com\/index.php\/2022\/05\/04\/lo-agarro-bailando-con-otra-mujer-y-lo-saco-de-la-oreja\/","og_site_name":"CADENA CENTRO POPULAR","article_publisher":"https:\/\/www.facebook.com\/cadenacentropopular","article_published_time":"2022-05-04T13:52:53+00:00","og_image":[{"width":696,"height":394,"url":"https:\/\/cadenacentropopular.com\/wp-content\/uploads\/2022\/05\/lo-saco-de-la-oreja-696x394-1.jpg","type":"image\/jpeg"}],"author":"CcentroPopular","twitter_card":"summary_large_image","twitter_misc":{"Written by":"CcentroPopular","Est. reading time":"1 minute"},"schema":{"@context":"https:\/\/schema.org","@graph":[{"@type":"Article","@id":"https:\/\/cadenacentropopular.com\/index.php\/2022\/05\/04\/lo-agarro-bailando-con-otra-mujer-y-lo-saco-de-la-oreja\/#article","isPartOf":{"@id":"https:\/\/cadenacentropopular.com\/index.php\/2022\/05\/04\/lo-agarro-bailando-con-otra-mujer-y-lo-saco-de-la-oreja\/"},"author":{"name":"CcentroPopular","@id":"https:\/\/cadenacentropopular.com\/#\/schema\/person\/0729df060fc8b84f539c0129cc09e4ad"},"headline":"Lo agarr\u00f3 bailando con otra mujer y lo sac\u00f3 de la oreja","datePublished":"2022-05-04T13:52:53+00:00","dateModified":"2022-05-04T13:52:53+00:00","mainEntityOfPage":{"@id":"https:\/\/cadenacentropopular.com\/index.php\/2022\/05\/04\/lo-agarro-bailando-con-otra-mujer-y-lo-saco-de-la-oreja\/"},"wordCount":160,"commentCount":0,"publisher":{"@id":"https:\/\/cadenacentropopular.com\/#organization"},"image":{"@id":"https:\/\/cadenacentropopular.com\/index.php\/2022\/05\/04\/lo-agarro-bailando-con-otra-mujer-y-lo-saco-de-la-oreja\/#primaryimage"},"thumbnailUrl":"https:\/\/cadenacentropopular.com\/wp-content\/uploads\/2022\/05\/lo-saco-de-la-oreja-696x394-1.jpg","keywords":["cadena centro popular","cordoba","desopilante video","only in cordoba","rio tercero"],"articleSection":["virales"],"inLanguage":"en-US","potentialAction":[{"@type":"CommentAction","name":"Comment","target":["https:\/\/cadenacentropopular.com\/index.php\/2022\/05\/04\/lo-agarro-bailando-con-otra-mujer-y-lo-saco-de-la-oreja\/#respond"]}]},{"@type":"WebPage","@id":"https:\/\/cadenacentropopular.com\/index.php\/2022\/05\/04\/lo-agarro-bailando-con-otra-mujer-y-lo-saco-de-la-oreja\/","url":"https:\/\/cadenacentropopular.com\/index.php\/2022\/05\/04\/lo-agarro-bailando-con-otra-mujer-y-lo-saco-de-la-oreja\/","name":"Lo agarr\u00f3 bailando con otra mujer y lo sac\u00f3 de la oreja - CADENA CENTRO POPULAR","isPartOf":{"@id":"https:\/\/cadenacentropopular.com\/#website"},"primaryImageOfPage":{"@id":"https:\/\/cadenacentropopular.com\/index.php\/2022\/05\/04\/lo-agarro-bailando-con-otra-mujer-y-lo-saco-de-la-oreja\/#primaryimage"},"image":{"@id":"https:\/\/cadenacentropopular.com\/index.php\/2022\/05\/04\/lo-agarro-bailando-con-otra-mujer-y-lo-saco-de-la-oreja\/#primaryimage"},"thumbnailUrl":"https:\/\/cadenacentropopular.com\/wp-content\/uploads\/2022\/05\/lo-saco-de-la-oreja-696x394-1.jpg","datePublished":"2022-05-04T13:52:53+00:00","dateModified":"2022-05-04T13:52:53+00:00","description":"El desopilante momento fue compartido por la p\u00e1gina de Instagram Only en C\u00f3rdoba.","breadcrumb":{"@id":"https:\/\/cadenacentropopular.com\/index.php\/2022\/05\/04\/lo-agarro-bailando-con-otra-mujer-y-lo-saco-de-la-oreja\/#breadcrumb"},"inLanguage":"en-US","potentialAction":[{"@type":"ReadAction","target":["https:\/\/cadenacentropopular.com\/index.php\/2022\/05\/04\/lo-agarro-bailando-con-otra-mujer-y-lo-saco-de-la-oreja\/"]}]},{"@type":"ImageObject","inLanguage":"en-US","@id":"https:\/\/cadenacentropopular.com\/index.php\/2022\/05\/04\/lo-agarro-bailando-con-otra-mujer-y-lo-saco-de-la-oreja\/#primaryimage","url":"https:\/\/cadenacentropopular.com\/wp-content\/uploads\/2022\/05\/lo-saco-de-la-oreja-696x394-1.jpg","contentUrl":"https:\/\/cadenacentropopular.com\/wp-content\/uploads\/2022\/05\/lo-saco-de-la-oreja-696x394-1.jpg","width":696,"height":394},{"@type":"BreadcrumbList","@id":"https:\/\/cadenacentropopular.com\/index.php\/2022\/05\/04\/lo-agarro-bailando-con-otra-mujer-y-lo-saco-de-la-oreja\/#breadcrumb","itemListElement":[{"@type":"ListItem","position":1,"name":"Home","item":"https:\/\/cadenacentropopular.com\/"},{"@type":"ListItem","position":2,"name":"Lo agarr\u00f3 bailando con otra mujer y lo sac\u00f3 de la oreja"}]},{"@type":"WebSite","@id":"https:\/\/cadenacentropopular.com\/#website","url":"https:\/\/cadenacentropopular.com\/","name":"CADENA CENTRO POPULAR","description":"","publisher":{"@id":"https:\/\/cadenacentropopular.com\/#organization"},"potentialAction":[{"@type":"SearchAction","target":{"@type":"EntryPoint","urlTemplate":"https:\/\/cadenacentropopular.com\/?s={search_term_string}"},"query-input":"required name=search_term_string"}],"inLanguage":"en-US"},{"@type":"Organization","@id":"https:\/\/cadenacentropopular.com\/#organization","name":"CADENA CENTRO POPULAR","url":"https:\/\/cadenacentropopular.com\/","logo":{"@type":"ImageObject","inLanguage":"en-US","@id":"https:\/\/cadenacentropopular.com\/#\/schema\/logo\/image\/","url":"http:\/\/cadenacentropopular.com\/wp-content\/uploads\/2022\/04\/portada.png","contentUrl":"http:\/\/cadenacentropopular.com\/wp-content\/uploads\/2022\/04\/portada.png","width":5317,"height":1962,"caption":"CADENA CENTRO POPULAR"},"image":{"@id":"https:\/\/cadenacentropopular.com\/#\/schema\/logo\/image\/"},"sameAs":["https:\/\/www.facebook.com\/cadenacentropopular","https:\/\/www.instagram.com\/ccentropopular\/"]},{"@type":"Person","@id":"https:\/\/cadenacentropopular.com\/#\/schema\/person\/0729df060fc8b84f539c0129cc09e4ad","name":"CcentroPopular","image":{"@type":"ImageObject","inLanguage":"en-US","@id":"https:\/\/cadenacentropopular.com\/#\/schema\/person\/image\/","url":"https:\/\/secure.gravatar.com\/avatar\/e3f77d046163f2c4e6977af93d588471?s=96&d=mm&r=g","contentUrl":"https:\/\/secure.gravatar.com\/avatar\/e3f77d046163f2c4e6977af93d588471?s=96&d=mm&r=g","caption":"CcentroPopular"},"sameAs":["http:\/\/cadenacentropopular.com"],"url":"https:\/\/cadenacentropopular.com\/index.php\/author\/maguiz\/"}]}},"_links":{"self":[{"href":"https:\/\/cadenacentropopular.com\/index.php\/wp-json\/wp\/v2\/posts\/145"}],"collection":[{"href":"https:\/\/cadenacentropopular.com\/index.php\/wp-json\/wp\/v2\/posts"}],"about":[{"href":"https:\/\/cadenacentropopular.com\/index.php\/wp-json\/wp\/v2\/types\/post"}],"author":[{"embeddable":true,"href":"https:\/\/cadenacentropopular.com\/index.php\/wp-json\/wp\/v2\/users\/1"}],"replies":[{"embeddable":true,"href":"https:\/\/cadenacentropopular.com\/index.php\/wp-json\/wp\/v2\/comments?post=145"}],"version-history":[{"count":1,"href":"https:\/\/cadenacentropopular.com\/index.php\/wp-json\/wp\/v2\/posts\/145\/revisions"}],"predecessor-version":[{"id":147,"href":"https:\/\/cadenacentropopular.com\/index.php\/wp-json\/wp\/v2\/posts\/145\/revisions\/147"}],"wp:featuredmedia":[{"embeddable":true,"href":"https:\/\/cadenacentropopular.com\/index.php\/wp-json\/wp\/v2\/media\/146"}],"wp:attachment":[{"href":"https:\/\/cadenacentropopular.com\/index.php\/wp-json\/wp\/v2\/media?parent=145"}],"wp:term":[{"taxonomy":"category","embeddable":true,"href":"https:\/\/cadenacentropopular.com\/index.php\/wp-json\/wp\/v2\/categories?post=145"},{"taxonomy":"post_tag","embeddable":true,"href":"https:\/\/cadenacentropopular.com\/index.php\/wp-json\/wp\/v2\/tags?post=145"}],"curies":[{"name":"wp","href":"https:\/\/api.w.org\/{rel}","templated":true}]}}